{"id":3193,"date":"2016-04-25T16:15:38","date_gmt":"2016-04-25T19:15:38","guid":{"rendered":"http:\/\/www.correio24horas.com.br\/blogs\/mesalte\/?p=3193"},"modified":"2016-04-25T16:26:31","modified_gmt":"2016-04-25T19:26:31","slug":"drag-pablo-vittar-vira-garota-propaganda-da-avon","status":"publish","type":"post","link":"https:\/\/blogs.correio24horas.com.br\/mesalte\/drag-pablo-vittar-vira-garota-propaganda-da-avon\/","title":{"rendered":"Pablo Vittar vira modelo da Avon"},"content":{"rendered":"<p>Parece que a marca de cosm\u00e9ticos Avon resolveu mesmo abra\u00e7ar a causa LGBT. Em outubro, Candy Mel, da Banda U\u00f3, foi a primeira mulher trans a estrelar campanha do &#8216;Outubro Rosa&#8217; da marca. Hoje, foi a vez da drag queen Pabllo Vittar entrar para o rol de queridinha da marca, que lan\u00e7ou uma promo\u00e7\u00e3o nas redes sociais com ela como modelo e garota-propaganda. Pablo \u00e9 a primeira drag a ter esse posto na rede de cosm\u00e9ticos.<\/p>\n<p>No gif compartilhado no Facebook da Avon, a Pablo aparece com um batom brilhante em alus\u00e3o \u00e0 \u00a0 mec\u00e2nica da promo\u00e7\u00e3o que vai premiar quem achar itens iluminados na compra. &#8220;Ai que iluminada&#8221;, publicou um f\u00e3 \u00c2\u00a0ao comentar o post.\u00c2\u00a0A Pablo viu sua vida assumir um ritmo fren\u00e9tico em poucos meses. Desde que lan\u00e7ou o primeiro single, Open Bar\u009d, n\u00e3o parou mais de fazer shows e foi estrela da \u00faltima temporada do programa Amor &amp; Sexo (TV Globo). #Arrasou!<\/p>\n","protected":false},"excerpt":{"rendered":"<p>Parece que a marca de cosm\u00e9ticos Avon resolveu mesmo abra\u00e7ar a causa LGBT. Em outubro, Candy Mel, da Banda U\u00f3, foi a primeira mulher trans a [&hellip;]<\/p>\n","protected":false},"author":1,"featured_media":3196,"comment_status":"open","ping_status":"open","sticky":false,"template":"","format":"image","meta":{"footnotes":""},"categories":[80,9],"tags":[],"class_list":["post-3193","post","type-post","status-publish","format-image","has-post-thumbnail","hentry","category-home","category-me-orgulho","post_format-post-format-image"],"_links":{"self":[{"href":"https:\/\/blogs.correio24horas.com.br\/mesalte\/wp-json\/wp\/v2\/posts\/3193","targetHints":{"allow":["GET"]}}],"collection":[{"href":"https:\/\/blogs.correio24horas.com.br\/mesalte\/wp-json\/wp\/v2\/posts"}],"about":[{"href":"https:\/\/blogs.correio24horas.com.br\/mesalte\/wp-json\/wp\/v2\/types\/post"}],"author":[{"embeddable":true,"href":"https:\/\/blogs.correio24horas.com.br\/mesalte\/wp-json\/wp\/v2\/users\/1"}],"replies":[{"embeddable":true,"href":"https:\/\/blogs.correio24horas.com.br\/mesalte\/wp-json\/wp\/v2\/comments?post=3193"}],"version-history":[{"count":4,"href":"https:\/\/blogs.correio24horas.com.br\/mesalte\/wp-json\/wp\/v2\/posts\/3193\/revisions"}],"predecessor-version":[{"id":3199,"href":"https:\/\/blogs.correio24horas.com.br\/mesalte\/wp-json\/wp\/v2\/posts\/3193\/revisions\/3199"}],"wp:featuredmedia":[{"embeddable":true,"href":"https:\/\/blogs.correio24horas.com.br\/mesalte\/wp-json\/wp\/v2\/media\/3196"}],"wp:attachment":[{"href":"https:\/\/blogs.correio24horas.com.br\/mesalte\/wp-json\/wp\/v2\/media?parent=3193"}],"wp:term":[{"taxonomy":"category","embeddable":true,"href":"https:\/\/blogs.correio24horas.com.br\/mesalte\/wp-json\/wp\/v2\/categories?post=3193"},{"taxonomy":"post_tag","embeddable":true,"href":"https:\/\/blogs.correio24horas.com.br\/mesalte\/wp-json\/wp\/v2\/tags?post=3193"}],"curies":[{"name":"wp","href":"https:\/\/api.w.org\/{rel}","templated":true}]}}