{"id":3093,"date":"2016-04-22T20:47:14","date_gmt":"2016-04-22T23:47:14","guid":{"rendered":"http:\/\/www.correio24horas.com.br\/blogs\/mesalte\/?p=3093"},"modified":"2016-04-22T20:47:14","modified_gmt":"2016-04-22T23:47:14","slug":"sophia-abrahao-e-chamada-de-sapatao-por-novo-visual-e-rebate-isso-e-ofensa","status":"publish","type":"post","link":"https:\/\/blogs.correio24horas.com.br\/mesalte\/sophia-abrahao-e-chamada-de-sapatao-por-novo-visual-e-rebate-isso-e-ofensa\/","title":{"rendered":"Sophia Abrah\u00e3o \u00e9 chamada de &#8216;sapat\u00e3o&#8217; por novo visual e rebate: &#8220;Isso \u00e9 ofensa?&#8221;"},"content":{"rendered":"<p>O preconceito realmente n\u00e3o tem limites. A atriz Sophia Abrah\u00e3o usou sua conta no Twitter para desabafar diante de coment\u00e1rios preconceituosos por conta do seu novo corte de cabelo. Ela foi chamada de &#8216;sapat\u00e3o&#8217; por diversos seguidores depois que postou fotos com o cabelo curto.<\/p>\n<p>&#8220;Recebi coment\u00e1rio do tipo &#8216;est\u00e1 parecendo um homem&#8217;, isso \u00e9 ofensa aonde? Tenho amigas que n\u00e3o se identificam com o pr\u00f3prio g\u00eanero e querem se masculinizar. E se eu quisesse? A pessoa tem que ser esculachada por causa disso?&#8221;, escreveu.<\/p>\n<p>Em outro trecho do desabafo, a atriz que namora o ator Sergio Malheiros, destacou que o preconceito tamb\u00e9m acontece em fun\u00e7\u00e3o do machismo da sociedade. &#8220;Entendam que o buraco \u00e9 muito mais embaixo, n\u00e3o estamos discutindo se o cabelo est\u00e1 feio ou bonito, a discuss\u00e3o aqui n\u00e3o \u00e9 sobre est\u00e9tica e sim sobre car\u00e1ter, me envergonho de uma sociedade t\u00e3o machista e preconceituosa&#8221;, escreveu a cantora.<\/p>\n<div id=\"attachment_3095\" style=\"width: 710px\" class=\"wp-caption aligncenter\"><a href=\"http:\/\/www.correio24horas.com.br\/blogs\/mesalte\/wp-content\/uploads\/2016\/04\/sophia-cabelo-grande.jpg\" rel=\"attachment wp-att-3095\"><img loading=\"lazy\" decoding=\"async\" aria-describedby=\"caption-attachment-3095\" class=\"size-full wp-image-3095\" src=\"http:\/\/www.correio24horas.com.br\/blogs\/mesalte\/wp-content\/uploads\/2016\/04\/sophia-cabelo-grande.jpg\" alt=\"Sophia tinha cabel\u00e3o grande  Foto: Reprodu\u00e7\u00e3o\" width=\"700\" height=\"525\" srcset=\"https:\/\/blogs.correio24h.com.br\/mesalte\/wp-content\/uploads\/2016\/04\/sophia-cabelo-grande.jpg 700w, https:\/\/blogs.correio24h.com.br\/mesalte\/wp-content\/uploads\/2016\/04\/sophia-cabelo-grande-300x225.jpg 300w, https:\/\/blogs.correio24h.com.br\/mesalte\/wp-content\/uploads\/2016\/04\/sophia-cabelo-grande-195x146.jpg 195w, https:\/\/blogs.correio24h.com.br\/mesalte\/wp-content\/uploads\/2016\/04\/sophia-cabelo-grande-50x38.jpg 50w, https:\/\/blogs.correio24h.com.br\/mesalte\/wp-content\/uploads\/2016\/04\/sophia-cabelo-grande-100x75.jpg 100w\" sizes=\"auto, (max-width: 700px) 100vw, 700px\" \/><\/a><p id=\"caption-attachment-3095\" class=\"wp-caption-text\">Sophia tinha cabel\u00e3o grande<br \/>Foto: Reprodu\u00e7\u00e3o<\/p><\/div>\n<p>Sophia tem quase uma d\u00e9cada de carreira. Ela come\u00e7ou, em 2007, quando viveu a personagem Felipa na Malha\u00e7\u00e3o (TV Globo). Em 2011, integrou o elenco da novela Rebelde (Record), onde tamb\u00e9m cantava. Seu \u00faltimo trabalho como atriz foi na novela Alto Astral, em 2015, pela TV Globo.<\/p>\n","protected":false},"excerpt":{"rendered":"<p>O preconceito realmente n\u00e3o tem limites. A atriz Sophia Abrah\u00e3o usou sua conta no Twitter para desabafar diante de coment\u00e1rios preconceituosos por conta do seu novo [&hellip;]<\/p>\n","protected":false},"author":1,"featured_media":3094,"comment_status":"open","ping_status":"open","sticky":false,"template":"","format":"image","meta":{"footnotes":""},"categories":[80,26],"tags":[],"class_list":["post-3093","post","type-post","status-publish","format-image","has-post-thumbnail","hentry","category-home","category-me-inspiro","post_format-post-format-image"],"_links":{"self":[{"href":"https:\/\/blogs.correio24horas.com.br\/mesalte\/wp-json\/wp\/v2\/posts\/3093","targetHints":{"allow":["GET"]}}],"collection":[{"href":"https:\/\/blogs.correio24horas.com.br\/mesalte\/wp-json\/wp\/v2\/posts"}],"about":[{"href":"https:\/\/blogs.correio24horas.com.br\/mesalte\/wp-json\/wp\/v2\/types\/post"}],"author":[{"embeddable":true,"href":"https:\/\/blogs.correio24horas.com.br\/mesalte\/wp-json\/wp\/v2\/users\/1"}],"replies":[{"embeddable":true,"href":"https:\/\/blogs.correio24horas.com.br\/mesalte\/wp-json\/wp\/v2\/comments?post=3093"}],"version-history":[{"count":1,"href":"https:\/\/blogs.correio24horas.com.br\/mesalte\/wp-json\/wp\/v2\/posts\/3093\/revisions"}],"predecessor-version":[{"id":3096,"href":"https:\/\/blogs.correio24horas.com.br\/mesalte\/wp-json\/wp\/v2\/posts\/3093\/revisions\/3096"}],"wp:featuredmedia":[{"embeddable":true,"href":"https:\/\/blogs.correio24horas.com.br\/mesalte\/wp-json\/wp\/v2\/media\/3094"}],"wp:attachment":[{"href":"https:\/\/blogs.correio24horas.com.br\/mesalte\/wp-json\/wp\/v2\/media?parent=3093"}],"wp:term":[{"taxonomy":"category","embeddable":true,"href":"https:\/\/blogs.correio24horas.com.br\/mesalte\/wp-json\/wp\/v2\/categories?post=3093"},{"taxonomy":"post_tag","embeddable":true,"href":"https:\/\/blogs.correio24horas.com.br\/mesalte\/wp-json\/wp\/v2\/tags?post=3093"}],"curies":[{"name":"wp","href":"https:\/\/api.w.org\/{rel}","templated":true}]}}