{"id":3080,"date":"2016-04-22T12:24:48","date_gmt":"2016-04-22T15:24:48","guid":{"rendered":"http:\/\/www.correio24horas.com.br\/blogs\/mesalte\/?p=3080"},"modified":"2016-04-22T12:26:07","modified_gmt":"2016-04-22T15:26:07","slug":"estudante-prova-saia-em-loja-e-relata-preconceito-nas-redes-sociais","status":"publish","type":"post","link":"https:\/\/blogs.correio24horas.com.br\/mesalte\/estudante-prova-saia-em-loja-e-relata-preconceito-nas-redes-sociais\/","title":{"rendered":"Estudante prova saia em loja que vende pe\u00e7as &#8216;sem g\u00eanero&#8217; e relata preconceito"},"content":{"rendered":"<p>O estudante carioca Paulo Rodrigues, de 21 anos, viu a campanha de uma grande loja de departamentos indicando que teria roupas &#8220;sem classifica\u00e7\u00e3o de g\u00eanero&#8221;. Mas, ao tentar provar uma saia da cole\u00e7\u00e3o se deparou com preconceito e homofobia. Seu desabafo, pelo Facebook, recebeu mais de 130 mil curtidas.<\/p>\n<p>&#8220;O conceito de roupa sem g\u00eanero dessa loja logo foi quebrado dentro da pr\u00f3prio estabelecimento na qual as roupas, essas que seriam ageneras, ainda s\u00e3o separadas e ditas como masculinas ou femininas. Ao criar uma cole\u00e7\u00e3o de roupas que deveriam na pratica poder ser usadas por ambos os sexos sem padroniza\u00e7\u00e3o de g\u00eanero requer mais esfor\u00e7os do que criar roupas cinzas ou sem estampas ou com outras cores neutras. G\u00eanero n\u00e3o se designa por cor e muito menos por um peda\u00e7o de pano que vou por sobre meu corpo&#8221;, disse o estudante que ele preferiu n\u00e3o citar na postagem de forma expl\u00edcita qual seria a loja.<\/p>\n<p>Paulo relatou que se deparou com a discrimina\u00e7\u00e3o em diversos momentos da sua passagem pelo estabelecimento. &#8220;Agrade\u00e7o as mo\u00e7as que estavam do meu lado e que riram de mim quando me viram pegando roupas pra experimentar. Agrade\u00e7o ao Sr. de terno e gravata que fez um sinal de reprova\u00e7\u00e3o com a cabe\u00e7a quando me viu colocando essas mesma roupas na sacola.Obrigado ao funcion\u00e1rio do provador que fez quest\u00e3o de me perguntar DUAS vezes, dando mais \u00eanfase na segunda, se eu realmente iria experimentar aquela pe\u00e7a de roupa&#8221;, enfatizou.<\/p>\n<p>Mas, para ainda termos esperan\u00e7a na humanidade, ele fez um agradecimento especial: &#8220;Meu obrigado maior vai pra uma menina de no m\u00e1ximo doze anos que estava na porta do provador e perguntou ao atendente, ao ouvir o interrogat\u00f3rio dele, qual era o problema de eu experimentar a roupa que eu quisesse j\u00e1 que eu pagaria por ela caso gostasse&#8221;.<\/p>\n","protected":false},"excerpt":{"rendered":"<p>O estudante carioca Paulo Rodrigues, de 21 anos, viu a campanha de uma grande loja de departamentos indicando que teria roupas &#8220;sem classifica\u00e7\u00e3o de g\u00eanero&#8221;. Mas, [&hellip;]<\/p>\n","protected":false},"author":1,"featured_media":3081,"comment_status":"open","ping_status":"open","sticky":false,"template":"","format":"image","meta":{"footnotes":""},"categories":[80,9],"tags":[],"class_list":["post-3080","post","type-post","status-publish","format-image","has-post-thumbnail","hentry","category-home","category-me-orgulho","post_format-post-format-image"],"_links":{"self":[{"href":"https:\/\/blogs.correio24horas.com.br\/mesalte\/wp-json\/wp\/v2\/posts\/3080","targetHints":{"allow":["GET"]}}],"collection":[{"href":"https:\/\/blogs.correio24horas.com.br\/mesalte\/wp-json\/wp\/v2\/posts"}],"about":[{"href":"https:\/\/blogs.correio24horas.com.br\/mesalte\/wp-json\/wp\/v2\/types\/post"}],"author":[{"embeddable":true,"href":"https:\/\/blogs.correio24horas.com.br\/mesalte\/wp-json\/wp\/v2\/users\/1"}],"replies":[{"embeddable":true,"href":"https:\/\/blogs.correio24horas.com.br\/mesalte\/wp-json\/wp\/v2\/comments?post=3080"}],"version-history":[{"count":2,"href":"https:\/\/blogs.correio24horas.com.br\/mesalte\/wp-json\/wp\/v2\/posts\/3080\/revisions"}],"predecessor-version":[{"id":3083,"href":"https:\/\/blogs.correio24horas.com.br\/mesalte\/wp-json\/wp\/v2\/posts\/3080\/revisions\/3083"}],"wp:featuredmedia":[{"embeddable":true,"href":"https:\/\/blogs.correio24horas.com.br\/mesalte\/wp-json\/wp\/v2\/media\/3081"}],"wp:attachment":[{"href":"https:\/\/blogs.correio24horas.com.br\/mesalte\/wp-json\/wp\/v2\/media?parent=3080"}],"wp:term":[{"taxonomy":"category","embeddable":true,"href":"https:\/\/blogs.correio24horas.com.br\/mesalte\/wp-json\/wp\/v2\/categories?post=3080"},{"taxonomy":"post_tag","embeddable":true,"href":"https:\/\/blogs.correio24horas.com.br\/mesalte\/wp-json\/wp\/v2\/tags?post=3080"}],"curies":[{"name":"wp","href":"https:\/\/api.w.org\/{rel}","templated":true}]}}