{"id":3046,"date":"2016-04-20T07:59:00","date_gmt":"2016-04-20T10:59:00","guid":{"rendered":"http:\/\/www.correio24horas.com.br\/blogs\/mesalte\/?p=3046"},"modified":"2016-04-20T07:59:00","modified_gmt":"2016-04-20T10:59:00","slug":"gays-homofobicos-existem-sim-infelizmente","status":"publish","type":"post","link":"https:\/\/blogs.correio24horas.com.br\/mesalte\/gays-homofobicos-existem-sim-infelizmente\/","title":{"rendered":"Gays homof\u00f3bicos existem? Sim, infelizmente :("},"content":{"rendered":"<p class=\"x_MsoNormal\"><em>Texto escrito por Lola, nossa colunista que tudo sabe sobre o universo L.\u00c2\u00a0 Tem alguma d\u00favida? Manda para mesalte@redebahia.com.br que Lola responde!<\/em><\/p>\n<p class=\"x_MsoNormal\">\nDes-com-pre-en-di-do. Vem assim, no dicion\u00e1rio, separado em s\u00edlabas. \u00c9 um adjetivo, aquele que se descompreende. Virou g\u00edria e serve de eufemismo pra falar sobre pessoas cujo comportamento a gente at\u00e9 tenta, mas n\u00e3o compreende de jeito nenhum. Por exemplo, a mo\u00e7a que abre o jornal, l\u00ea a not\u00edcia de uma outra que foi estuprada e larga: Tamb\u00e9m! Olha o tamanho da saia, queria o qu\u00ea? Homem n\u00e3o se aguenta, ela que pediu pra ser estuprada!\u009d. Descompreendida.<\/p>\n<p class=\"x_MsoNormal\">Outro exemplo: o cara, negro, contratado para fazer a seguran\u00e7a de um evento e orientado a revistar quem entra no local. Mas faz vistas grossas e n\u00e3o se d\u00e1 ao trabalho de revistar um branco que chegue, enquanto n\u00e3o s\u00f3 revista, como olha para o negro como se ele estivesse ali, predisposto a causar um problema. Outro descompreendido.<\/p>\n<p class=\"x_MsoNormal\">O adjetivo tamb\u00e9m se aplica perfeitamente ao gay, homem ou mulher, que enfrenta todo tipo de preconceito e repulsa e, ciente da luta di\u00e1ria que precisa enfrentar por direitos b\u00e1sicos, n\u00e3o se incomoda em apertar a m\u00e3o e ainda bate palmas para o presidente do sindicado nacional dos machistas, homof\u00f3bicos, sexistas e classistas. \u00c9 o popular viado descompreendido.<\/p>\n<p class=\"x_MsoNormal\">Claro, a gente que \u00e9 gay, que \u00e9 l\u00e9sbica, e que, naturalmente, convive com um monte de outros gays e l\u00e9sbicas, manos e manas, minas e monas, trans, bissexuais e por a\u00ed vai um ros\u00e1rio de migas, tudo minoria, sabe que h\u00e1 v\u00e1rias nuances de viados e viadas descompreendidos. E tem coisa pra dar mais raiva?<\/p>\n<p class=\"x_MsoNormal\">Tem o gay que abre a boca pra dizer que, Olha, tudo bem ser viado, mas precisa desmunhecar? Tem que ser bicha?\u009d. Tem o que n\u00e3o consegue aceitar a bissexualidade da pessoa e sequer respeita: diz que a pessoa est\u00e1 s\u00f3 indecisa, n\u00e3o \u00e9 poss\u00edvel\u009d. Ou, pior, encarna a tia av\u00f3 conservadora e diz que bi \u00e9 prom\u00edscuo, mesmo, s\u00f3 pensa em sexo.<\/p>\n<p class=\"x_MsoNormal\">E a sapa que aponta o dedo na rua e fala da coleguinha, sapa do mesmo jeito, com jeito mais masculino? Na moral, parece um homem, credo!\u009d. Criatura, voc\u00ea n\u00e3o precisa sentir atra\u00e7\u00e3o pela pessoa, s\u00f3 respeitar t\u00e1 bom! A sapa olha o bofe passando no outro lado da rua com a franja alisada na chapinha, a cal\u00e7a mais justa que Deus, radiante de felicidade, mas olha torto. Ai, mulher, vai ser feliz!<\/p>\n<p class=\"x_MsoNormal\">Ainda tem o pior tipo, eu acho: o boy que t\u00e1 na balada, pronto pro crime \u201c \u00f3 a g\u00edria dos anos 1990 entregando a idade \u201c e cheio de disposi\u00e7\u00e3o. J\u00e1 fez a volta ol\u00edmpica e pegou todos os boys poss\u00edveis e agora, num surto, quer pegar as sapas \u201c talvez para fazer uma fachada b\u00e1sica. E n\u00e3o aceita um n\u00e3o! Aff, sapat\u00e3o \u00e9 u\u00f3!\u009d, dispara, ofendid\u00edssimo.<\/p>\n<p class=\"x_MsoNormal\">Sabia que isso equivale ao macho alfa que, convencido de que a mulher \u00e9 sapat\u00e3o porque n\u00e3o experimentou um homem de verdade, se ofende e transfere a ofensa para a mulher? Viado, meu filho, se compreenda, porque se uma mulher tentar lhe beijar, sapa ou n\u00e3o, \u00e9 capaz de voc\u00ea cuspir no ch\u00e3o, fazer o sinal da cruz, bater o cabelo e clamar por Santa Cher.<\/p>\n","protected":false},"excerpt":{"rendered":"<p>Texto escrito por Lola, nossa colunista que tudo sabe sobre o universo L.\u00c2\u00a0 Tem alguma d\u00favida? Manda para mesalte@redebahia.com.br que Lola responde! Des-com-pre-en-di-do. Vem assim, no [&hellip;]<\/p>\n","protected":false},"author":1,"featured_media":3047,"comment_status":"open","ping_status":"open","sticky":false,"template":"","format":"image","meta":{"footnotes":""},"categories":[28,80],"tags":[],"class_list":["post-3046","post","type-post","status-publish","format-image","has-post-thumbnail","hentry","category-farofa-digital","category-home","post_format-post-format-image"],"_links":{"self":[{"href":"https:\/\/blogs.correio24horas.com.br\/mesalte\/wp-json\/wp\/v2\/posts\/3046","targetHints":{"allow":["GET"]}}],"collection":[{"href":"https:\/\/blogs.correio24horas.com.br\/mesalte\/wp-json\/wp\/v2\/posts"}],"about":[{"href":"https:\/\/blogs.correio24horas.com.br\/mesalte\/wp-json\/wp\/v2\/types\/post"}],"author":[{"embeddable":true,"href":"https:\/\/blogs.correio24horas.com.br\/mesalte\/wp-json\/wp\/v2\/users\/1"}],"replies":[{"embeddable":true,"href":"https:\/\/blogs.correio24horas.com.br\/mesalte\/wp-json\/wp\/v2\/comments?post=3046"}],"version-history":[{"count":1,"href":"https:\/\/blogs.correio24horas.com.br\/mesalte\/wp-json\/wp\/v2\/posts\/3046\/revisions"}],"predecessor-version":[{"id":3048,"href":"https:\/\/blogs.correio24horas.com.br\/mesalte\/wp-json\/wp\/v2\/posts\/3046\/revisions\/3048"}],"wp:featuredmedia":[{"embeddable":true,"href":"https:\/\/blogs.correio24horas.com.br\/mesalte\/wp-json\/wp\/v2\/media\/3047"}],"wp:attachment":[{"href":"https:\/\/blogs.correio24horas.com.br\/mesalte\/wp-json\/wp\/v2\/media?parent=3046"}],"wp:term":[{"taxonomy":"category","embeddable":true,"href":"https:\/\/blogs.correio24horas.com.br\/mesalte\/wp-json\/wp\/v2\/categories?post=3046"},{"taxonomy":"post_tag","embeddable":true,"href":"https:\/\/blogs.correio24horas.com.br\/mesalte\/wp-json\/wp\/v2\/tags?post=3046"}],"curies":[{"name":"wp","href":"https:\/\/api.w.org\/{rel}","templated":true}]}}