{"id":2910,"date":"2016-04-12T20:22:36","date_gmt":"2016-04-12T23:22:36","guid":{"rendered":"http:\/\/www.correio24horas.com.br\/blogs\/mesalte\/?p=2910"},"modified":"2016-04-12T20:23:49","modified_gmt":"2016-04-12T23:23:49","slug":"pacotes-para-aniversario-da-san-estao-esgotados","status":"publish","type":"post","link":"https:\/\/blogs.correio24horas.com.br\/mesalte\/pacotes-para-aniversario-da-san-estao-esgotados\/","title":{"rendered":"Pacotes para anivers\u00e1rio da San est\u00e3o esgotados"},"content":{"rendered":"<p>Menos de duas semanas ap\u00f3s o in\u00edcio das vendas, est\u00e3o esgotados todos os pacotes de hospedagem para a festa de 7 anos da San Sebastian Salvador, que acontecer\u00e1 entre os dias 26 e 28 de agosto. Uma das principais atra\u00e7\u00f5es da festa, que acontecer\u00e1 no Grand Hotel Resort Stella Maris, ser\u00e1 a cantora<a href=\"http:\/\/www.correio24horas.com.br\/blogs\/mesalte\/?p=2599\" target=\"_blank\"> Claudia Leitte.<\/a>\u00c2\u00a0Na ocasi\u00e3o, ela far\u00e1 uma festa na piscina.<\/p>\n<p>Segundo informa\u00e7\u00f5es da organiza\u00e7\u00e3o dos eventos cerca de 1000 hospedagens foram vendidas para os dias de festas. A maioria dos compradores s\u00e3o dos estados de S\u00e3o Paulo, Minas Gerais e Rio de Janeiro.Os ingressos avulsos para as festas, que incluem baladas com DJs nacionais e internacionais, ainda seguem sendo vendidos.<\/p>\n<p><strong>Veja toda a programa\u00e7\u00e3o da festa e comece a se organizar:<\/strong><\/p>\n<p><strong>Mykonos Sunscreen \u201c\u00c2\u00a026 de agosto (sexta-feira), 17h<\/strong><br \/>\nDJs: Dani Toro (ESP), Mauro Mozart (The Week SP) e Arthur Valleti<\/p>\n<p><strong>Action \u201c\u00c2\u00a026 de agosto (sexta-feira), 22h<\/strong><br \/>\nDJs: Nacho Chapado (ESP), Gr\u00e1 Ferreira (The Week SP), Diego Baez, Rick Braile e Rob Phillips<\/p>\n<p><strong>Blow Out com Claudia Leitte \u201c\u00c2\u00a027 de agosto (s\u00e1bado), 13h<\/strong><br \/>\nDJs: Anne Louise e Van M\u00fcller<\/p>\n<p><strong>Main Party \u201c\u00c2\u00a027 de Agosto (s\u00e1bado), 22h<\/strong><br \/>\nDJs: Aron (ISR), Tony Moran (EUA), Paulo Pacheco (The Week SP), Tommy Love (The Week SP), Felipe Lira, Felipe Carvalho e Mau Azevedo<\/p>\n","protected":false},"excerpt":{"rendered":"<p>Menos de duas semanas ap\u00f3s o in\u00edcio das vendas, est\u00e3o esgotados todos os pacotes de hospedagem para a festa de 7 anos da San Sebastian Salvador, [&hellip;]<\/p>\n","protected":false},"author":1,"featured_media":2912,"comment_status":"open","ping_status":"open","sticky":false,"template":"","format":"image","meta":{"footnotes":""},"categories":[80,16],"tags":[],"class_list":["post-2910","post","type-post","status-publish","format-image","has-post-thumbnail","hentry","category-home","category-me-jogo","post_format-post-format-image"],"_links":{"self":[{"href":"https:\/\/blogs.correio24horas.com.br\/mesalte\/wp-json\/wp\/v2\/posts\/2910","targetHints":{"allow":["GET"]}}],"collection":[{"href":"https:\/\/blogs.correio24horas.com.br\/mesalte\/wp-json\/wp\/v2\/posts"}],"about":[{"href":"https:\/\/blogs.correio24horas.com.br\/mesalte\/wp-json\/wp\/v2\/types\/post"}],"author":[{"embeddable":true,"href":"https:\/\/blogs.correio24horas.com.br\/mesalte\/wp-json\/wp\/v2\/users\/1"}],"replies":[{"embeddable":true,"href":"https:\/\/blogs.correio24horas.com.br\/mesalte\/wp-json\/wp\/v2\/comments?post=2910"}],"version-history":[{"count":1,"href":"https:\/\/blogs.correio24horas.com.br\/mesalte\/wp-json\/wp\/v2\/posts\/2910\/revisions"}],"predecessor-version":[{"id":2911,"href":"https:\/\/blogs.correio24horas.com.br\/mesalte\/wp-json\/wp\/v2\/posts\/2910\/revisions\/2911"}],"wp:featuredmedia":[{"embeddable":true,"href":"https:\/\/blogs.correio24horas.com.br\/mesalte\/wp-json\/wp\/v2\/media\/2912"}],"wp:attachment":[{"href":"https:\/\/blogs.correio24horas.com.br\/mesalte\/wp-json\/wp\/v2\/media?parent=2910"}],"wp:term":[{"taxonomy":"category","embeddable":true,"href":"https:\/\/blogs.correio24horas.com.br\/mesalte\/wp-json\/wp\/v2\/categories?post=2910"},{"taxonomy":"post_tag","embeddable":true,"href":"https:\/\/blogs.correio24horas.com.br\/mesalte\/wp-json\/wp\/v2\/tags?post=2910"}],"curies":[{"name":"wp","href":"https:\/\/api.w.org\/{rel}","templated":true}]}}