{"id":2833,"date":"2016-04-10T15:59:01","date_gmt":"2016-04-10T18:59:01","guid":{"rendered":"http:\/\/www.correio24horas.com.br\/blogs\/mesalte\/?p=2833"},"modified":"2016-04-10T16:14:23","modified_gmt":"2016-04-10T19:14:23","slug":"spadina-benks-e-dina-coda-ganham-eliminatoria-do-grand-prix","status":"publish","type":"post","link":"https:\/\/blogs.correio24horas.com.br\/mesalte\/spadina-benks-e-dina-coda-ganham-eliminatoria-do-grand-prix\/","title":{"rendered":"Spadina Banks e Dina Coda ganham eliminat\u00f3ria do Grand Prix"},"content":{"rendered":"<p>Com a desist\u00eancia de Carolina Su e Luisa Boca, Spadina Banks e Dina Coda venceram ontem a terceira eliminat\u00f3ria do Grand Prix Drag Queen, que acontece no bar Xampoo no Beco dos Artistas, em Salvador.\u00c2\u00a0Apesar de n\u00e3o ter acontecido julgamento pela aus\u00eancia da outra dupla, que segundo a organiza\u00e7\u00e3o do concurso faltou por n\u00e3o conseguir dar conta da tarefa, Spadina e Dina brilharam na execu\u00e7\u00e3o da prova: um desfile de moda com sete figurinos e tr\u00eas dublagens.<\/p>\n<p>Em cerca de 15 minutos, com o aux\u00edlio de outras drags, elas formataram um passeio pela hist\u00f3ria da moda com trajes ex\u00f3ticos, contempor\u00e2neos e tradicionais. \u00c2\u00a0Rainha Loulou, que comanda o concurso, fez duras\u00c2\u00a0\u00c2\u00a0cr\u00edticas \u00e0 \u00a0 aus\u00eancia das outras candidatas. &#8220;Se montar, botar um salto e um batom \u00e9 para qualquer um. E \u00e9 bom que tenham v\u00e1rias pessoas se montando. Mas, ser drag n\u00e3o \u00e9 para qualquer um&#8221;, disparou.<\/p>\n<p>Apesar de n\u00e3o terem tido o trabalho de escolher a dupla vencedora, os jurados Valerie O&#8217;hara e Ney Lima (figurinista do Teatro Castro Alves) foram s\u00f3 elogios \u00e0 \u00a0 performance de Spadina e Dina. E, de fato, elas fizeram uma performance em alto n\u00edvel.\u00c2\u00a0As roupas apresentadas no desfile contavam a hist\u00f3ria que foi pedida especialmente a de alfaiataria, vestida por Aim\u00e9e Lumiere.\u00c2\u00a0Um dos destaques da performance foi quando Spadina e Dina subiram juntas ao palco para a dublagem final: a energia foi tanta que Dina chegou a derrubar parte da ornamenta\u00e7\u00e3o do teto do bar.<\/p>\n<p><strong>#vaitergolpe<\/strong><br \/>\nA pr\u00f3xima etapa do concurso que tem 10 duplas de drags na disputa acontecer\u00e1 no pr\u00f3ximo s\u00e1bado (17), a partir das 22h no Bar Xampoo, e ter\u00e1 como tema &#8220;O golpe das drags&#8221;.\u00c2\u00a0As candidatas dever\u00e3o montar uma cena &#8211; que tenha tamb\u00e9m can\u00e7\u00f5es de Chico Buarque e Geraldo Vandr\u00e9 &#8211; em alus\u00e3o ao Ato Inconstitucional n\u00famero 5, que foi baixado em 13 de dezembro de 1968 durante o governo do General Costa e Civil. Foi uma das principais a\u00e7\u00f5es da Ditadura Militar no combate aos direitos de express\u00e3o.<\/p>\n<p>Disputar\u00e3o essa prova as duplas Alejandra Delavega e Petra Per\u00f3n (Miss Salvador Gay 2016) contra Euvira e Cindy Winks. Cada dupla dever\u00e1 fazer uma cena com cinco tipos de drags diferentes.<\/p>\n<p><strong>Leia Mais:<\/strong><br \/>\n<a href=\"http:\/\/www.correio24horas.com.br\/blogs\/mesalte\/?p=2641\" target=\"_blank\">DesiR\u00e9e Beck vence etapa do Grand Prix Drag Queen<\/a><\/p>\n<p><strong>Veja algumas imagens da noite de ontem<\/strong><\/p>\n\n\t\t\t<style type='text\/css'>\n\t\t\t\t#gallery-1 {\n\t\t\t\t\tmargin: auto;\n\t\t\t\t}\n\t\t\t\t#gallery-1 .gallery-item {\n\t\t\t\t\tfloat: left;\n\t\t\t\t\tmargin-top: 10px;\n\t\t\t\t\ttext-align: center;\n\t\t\t\t\twidth: 33.33%;\n\t\t\t\t}\n\t\t\t\t#gallery-1 img {\n\t\t\t\t\tborder: 2px solid #cfcfcf;\n\t\t\t\t}\n\t\t\t\t#gallery-1 .gallery-caption {\n\t\t\t\t\tmargin-left: 0;\n\t\t\t\t}\n\t\t\t\t\/* see gallery_shortcode() in wp-includes\/media.php *\/\n\t\t\t<\/style>\n\t\t<div id='gallery-1' class='gallery galleryid-2833 gallery-columns-3 gallery-size-large '><dl class='gallery-item'>\n\t\t\t\t<dt class='gallery-icon portrait'>\n\t\t\t\t\t<a href='https:\/\/blogs.correio24horas.com.br\/mesalte\/spadina-benks-e-dina-coda-ganham-eliminatoria-do-grand-prix\/img_5514\/'><img loading=\"lazy\" decoding=\"async\" width=\"768\" height=\"1024\" src=\"https:\/\/blogs.correio24h.com.br\/mesalte\/wp-content\/uploads\/2016\/04\/IMG_5514-768x1024.jpg\" class=\"attachment-large size-large\" alt=\"\" srcset=\"https:\/\/blogs.correio24h.com.br\/mesalte\/wp-content\/uploads\/2016\/04\/IMG_5514-768x1024.jpg 768w, https:\/\/blogs.correio24h.com.br\/mesalte\/wp-content\/uploads\/2016\/04\/IMG_5514-225x300.jpg 225w, https:\/\/blogs.correio24h.com.br\/mesalte\/wp-content\/uploads\/2016\/04\/IMG_5514-110x146.jpg 110w, https:\/\/blogs.correio24h.com.br\/mesalte\/wp-content\/uploads\/2016\/04\/IMG_5514-38x50.jpg 38w, https:\/\/blogs.correio24h.com.br\/mesalte\/wp-content\/uploads\/2016\/04\/IMG_5514-56x75.jpg 56w\" sizes=\"auto, (max-width: 768px) 100vw, 768px\" \/><\/a>\n\t\t\t\t<\/dt>\n\t\t\t\t\t<dd class='wp-caption-text gallery-caption'>\n\t\t\t\t\tRainha Loulou comanda a noite de apresenta\u00e7\u00f5es \n\t\t\t\t\t<\/dd><\/dl><dl class='gallery-item'>\n\t\t\t\t<dt class='gallery-icon landscape'>\n\t\t\t\t\t<a href='https:\/\/blogs.correio24horas.com.br\/mesalte\/spadina-benks-e-dina-coda-ganham-eliminatoria-do-grand-prix\/img_5522\/'><img loading=\"lazy\" decoding=\"async\" width=\"1024\" height=\"768\" src=\"https:\/\/blogs.correio24h.com.br\/mesalte\/wp-content\/uploads\/2016\/04\/IMG_5522-1024x768.jpg\" class=\"attachment-large size-large\" alt=\"\" srcset=\"https:\/\/blogs.correio24h.com.br\/mesalte\/wp-content\/uploads\/2016\/04\/IMG_5522-1024x768.jpg 1024w, https:\/\/blogs.correio24h.com.br\/mesalte\/wp-content\/uploads\/2016\/04\/IMG_5522-300x225.jpg 300w, https:\/\/blogs.correio24h.com.br\/mesalte\/wp-content\/uploads\/2016\/04\/IMG_5522-768x576.jpg 768w, https:\/\/blogs.correio24h.com.br\/mesalte\/wp-content\/uploads\/2016\/04\/IMG_5522-195x146.jpg 195w, https:\/\/blogs.correio24h.com.br\/mesalte\/wp-content\/uploads\/2016\/04\/IMG_5522-50x37.jpg 50w, https:\/\/blogs.correio24h.com.br\/mesalte\/wp-content\/uploads\/2016\/04\/IMG_5522-100x75.jpg 100w\" sizes=\"auto, (max-width: 1024px) 100vw, 1024px\" \/><\/a>\n\t\t\t\t<\/dt>\n\t\t\t\t\t<dd class='wp-caption-text gallery-caption'>\n\t\t\t\t\tDesfile teve trajes de gala e dublagens\n\t\t\t\t\t<\/dd><\/dl><dl class='gallery-item'>\n\t\t\t\t<dt class='gallery-icon portrait'>\n\t\t\t\t\t<a href='https:\/\/blogs.correio24horas.com.br\/mesalte\/spadina-benks-e-dina-coda-ganham-eliminatoria-do-grand-prix\/img_5523\/'><img loading=\"lazy\" decoding=\"async\" width=\"768\" height=\"1024\" src=\"https:\/\/blogs.correio24h.com.br\/mesalte\/wp-content\/uploads\/2016\/04\/IMG_5523-768x1024.jpg\" class=\"attachment-large size-large\" alt=\"\" srcset=\"https:\/\/blogs.correio24h.com.br\/mesalte\/wp-content\/uploads\/2016\/04\/IMG_5523-768x1024.jpg 768w, https:\/\/blogs.correio24h.com.br\/mesalte\/wp-content\/uploads\/2016\/04\/IMG_5523-225x300.jpg 225w, https:\/\/blogs.correio24h.com.br\/mesalte\/wp-content\/uploads\/2016\/04\/IMG_5523-110x146.jpg 110w, https:\/\/blogs.correio24h.com.br\/mesalte\/wp-content\/uploads\/2016\/04\/IMG_5523-38x50.jpg 38w, https:\/\/blogs.correio24h.com.br\/mesalte\/wp-content\/uploads\/2016\/04\/IMG_5523-56x75.jpg 56w, https:\/\/blogs.correio24h.com.br\/mesalte\/wp-content\/uploads\/2016\/04\/IMG_5523.jpg 1714w\" sizes=\"auto, (max-width: 768px) 100vw, 768px\" \/><\/a>\n\t\t\t\t<\/dt>\n\t\t\t\t\t<dd class='wp-caption-text gallery-caption'>\n\t\t\t\t\tSpadina caprichou no visual vintage\n\t\t\t\t\t<\/dd><\/dl><br style=\"clear: both\" \/><dl class='gallery-item'>\n\t\t\t\t<dt class='gallery-icon portrait'>\n\t\t\t\t\t<a href='https:\/\/blogs.correio24horas.com.br\/mesalte\/spadina-benks-e-dina-coda-ganham-eliminatoria-do-grand-prix\/img_5542\/'><img loading=\"lazy\" decoding=\"async\" width=\"918\" height=\"1024\" src=\"https:\/\/blogs.correio24h.com.br\/mesalte\/wp-content\/uploads\/2016\/04\/IMG_5542-918x1024.jpg\" class=\"attachment-large size-large\" alt=\"\" srcset=\"https:\/\/blogs.correio24h.com.br\/mesalte\/wp-content\/uploads\/2016\/04\/IMG_5542-918x1024.jpg 918w, https:\/\/blogs.correio24h.com.br\/mesalte\/wp-content\/uploads\/2016\/04\/IMG_5542-269x300.jpg 269w, https:\/\/blogs.correio24h.com.br\/mesalte\/wp-content\/uploads\/2016\/04\/IMG_5542-768x857.jpg 768w, https:\/\/blogs.correio24h.com.br\/mesalte\/wp-content\/uploads\/2016\/04\/IMG_5542-131x146.jpg 131w, https:\/\/blogs.correio24h.com.br\/mesalte\/wp-content\/uploads\/2016\/04\/IMG_5542-45x50.jpg 45w, https:\/\/blogs.correio24h.com.br\/mesalte\/wp-content\/uploads\/2016\/04\/IMG_5542-67x75.jpg 67w, https:\/\/blogs.correio24h.com.br\/mesalte\/wp-content\/uploads\/2016\/04\/IMG_5542.jpg 1930w\" sizes=\"auto, (max-width: 918px) 100vw, 918px\" \/><\/a>\n\t\t\t\t<\/dt>\n\t\t\t\t\t<dd class='wp-caption-text gallery-caption'>\n\t\t\t\t\tSpadina e Dina arrebentaram na performance\n\t\t\t\t\t<\/dd><\/dl><dl class='gallery-item'>\n\t\t\t\t<dt class='gallery-icon landscape'>\n\t\t\t\t\t<a href='https:\/\/blogs.correio24horas.com.br\/mesalte\/spadina-benks-e-dina-coda-ganham-eliminatoria-do-grand-prix\/img_5548\/'><img loading=\"lazy\" decoding=\"async\" width=\"1024\" height=\"768\" src=\"https:\/\/blogs.correio24h.com.br\/mesalte\/wp-content\/uploads\/2016\/04\/IMG_5548-1024x768.jpg\" class=\"attachment-large size-large\" alt=\"\" srcset=\"https:\/\/blogs.correio24h.com.br\/mesalte\/wp-content\/uploads\/2016\/04\/IMG_5548-1024x768.jpg 1024w, https:\/\/blogs.correio24h.com.br\/mesalte\/wp-content\/uploads\/2016\/04\/IMG_5548-300x225.jpg 300w, https:\/\/blogs.correio24h.com.br\/mesalte\/wp-content\/uploads\/2016\/04\/IMG_5548-768x576.jpg 768w, https:\/\/blogs.correio24h.com.br\/mesalte\/wp-content\/uploads\/2016\/04\/IMG_5548-195x146.jpg 195w, https:\/\/blogs.correio24h.com.br\/mesalte\/wp-content\/uploads\/2016\/04\/IMG_5548-50x38.jpg 50w, https:\/\/blogs.correio24h.com.br\/mesalte\/wp-content\/uploads\/2016\/04\/IMG_5548-100x75.jpg 100w\" sizes=\"auto, (max-width: 1024px) 100vw, 1024px\" \/><\/a>\n\t\t\t\t<\/dt>\n\t\t\t\t\t<dd class='wp-caption-text gallery-caption'>\n\t\t\t\t\tPerformance e desfile encerraram a noite\n\t\t\t\t\t<\/dd><\/dl>\n\t\t\t\t<br style='clear: both' \/>\n\t\t\t<\/div>\n\n<p>&nbsp;<\/p>\n","protected":false},"excerpt":{"rendered":"<p>Com a desist\u00eancia de Carolina Su e Luisa Boca, Spadina Banks e Dina Coda venceram ontem a terceira eliminat\u00f3ria do Grand Prix Drag Queen, que acontece [&hellip;]<\/p>\n","protected":false},"author":1,"featured_media":2839,"comment_status":"open","ping_status":"open","sticky":false,"template":"","format":"image","meta":{"footnotes":""},"categories":[80,25],"tags":[109],"class_list":["post-2833","post","type-post","status-publish","format-image","has-post-thumbnail","hentry","category-home","category-me-transformo","tag-spadinabenks","post_format-post-format-image"],"_links":{"self":[{"href":"https:\/\/blogs.correio24horas.com.br\/mesalte\/wp-json\/wp\/v2\/posts\/2833","targetHints":{"allow":["GET"]}}],"collection":[{"href":"https:\/\/blogs.correio24horas.com.br\/mesalte\/wp-json\/wp\/v2\/posts"}],"about":[{"href":"https:\/\/blogs.correio24horas.com.br\/mesalte\/wp-json\/wp\/v2\/types\/post"}],"author":[{"embeddable":true,"href":"https:\/\/blogs.correio24horas.com.br\/mesalte\/wp-json\/wp\/v2\/users\/1"}],"replies":[{"embeddable":true,"href":"https:\/\/blogs.correio24horas.com.br\/mesalte\/wp-json\/wp\/v2\/comments?post=2833"}],"version-history":[{"count":4,"href":"https:\/\/blogs.correio24horas.com.br\/mesalte\/wp-json\/wp\/v2\/posts\/2833\/revisions"}],"predecessor-version":[{"id":2845,"href":"https:\/\/blogs.correio24horas.com.br\/mesalte\/wp-json\/wp\/v2\/posts\/2833\/revisions\/2845"}],"wp:featuredmedia":[{"embeddable":true,"href":"https:\/\/blogs.correio24horas.com.br\/mesalte\/wp-json\/wp\/v2\/media\/2839"}],"wp:attachment":[{"href":"https:\/\/blogs.correio24horas.com.br\/mesalte\/wp-json\/wp\/v2\/media?parent=2833"}],"wp:term":[{"taxonomy":"category","embeddable":true,"href":"https:\/\/blogs.correio24horas.com.br\/mesalte\/wp-json\/wp\/v2\/categories?post=2833"},{"taxonomy":"post_tag","embeddable":true,"href":"https:\/\/blogs.correio24horas.com.br\/mesalte\/wp-json\/wp\/v2\/tags?post=2833"}],"curies":[{"name":"wp","href":"https:\/\/api.w.org\/{rel}","templated":true}]}}