{"id":24028,"date":"2023-12-22T12:42:53","date_gmt":"2023-12-22T15:42:53","guid":{"rendered":"https:\/\/blogs.correio24horas.com.br\/mesalte\/?p=24028"},"modified":"2023-12-22T12:42:55","modified_gmt":"2023-12-22T15:42:55","slug":"claudia-leitte-lanca-clipe-desabafa-sobre-tdah-e-revela-problemas-no-ultimo-carnaval-nao-vivi-intensamente","status":"publish","type":"post","link":"https:\/\/blogs.correio24horas.com.br\/mesalte\/claudia-leitte-lanca-clipe-desabafa-sobre-tdah-e-revela-problemas-no-ultimo-carnaval-nao-vivi-intensamente\/","title":{"rendered":"Claudia Leitte lan\u00e7a clipe, desabafa sobre TDAH e revela problemas no \u00faltimo Carnaval: &#8216;N\u00e3o vivi intensamente&#8217;"},"content":{"rendered":"\n<p>Para celebrar a chegada do Ver\u00e3o nesta sexta-feira (22),&nbsp;<strong>Claudia Leitte acaba de lan\u00e7ar o videoclipe da m\u00fasica \u201cLiquitiqui\u201d, que marca o in\u00edcio do projeto \u201cO Carnaval da Minha Vida\u201d, que envolve uma s\u00e9rie de lan\u00e7amentos e eventos na sua carreira.<\/strong><br><\/p>\n\n\n\n<figure><iframe loading=\"lazy\" allowfullscreen=\"\" height=\"315\" src=\"https:\/\/www.youtube.com\/embed\/sn6aAepi2L8?si=SYrZ7pMwJVgdhOhM\" width=\"560\"><\/iframe><\/figure>\n\n\n\n<figure class=\"wp-block-image\"><img decoding=\"async\" src=\"https:\/\/iili.io\/JAP2uCN.jpg\" alt=\"L73A1679\"\/><\/figure>\n\n\n\n<p>A cantora, que \u00e9 baiana de cora\u00e7\u00e3o, revelou <a href=\"https:\/\/aloalobahia.com\/notas\/claudia-leitte-lanca-clipe-desabafa-sobre-tdah-e-revela-problemas-no-ultimo-carnaval-nao-vivi-intensamente\">ao\u00a0<\/a><strong><a href=\"https:\/\/aloalobahia.com\/notas\/claudia-leitte-lanca-clipe-desabafa-sobre-tdah-e-revela-problemas-no-ultimo-carnaval-nao-vivi-intensamente\">Al\u00f4 Al\u00f4 Bahia<\/a>\u00a0<\/strong>que est\u00e1 ainda mais animada para a esta\u00e7\u00e3o mais quente do ano, sobretudo para sua maratona carnavalesca, que em 2024 ter\u00e1 como tema \u201cParque de Divers\u00e3o\u201d.\u00a0<strong>Isso porque ela enfrentou problemas no Carnaval deste ano.\u00a0<\/strong><\/p>\n\n\n\n<p><strong>\u201cFoi um Carnaval dif\u00edcil para mim porque eram muitas sensa\u00e7\u00f5es, muitas emo\u00e7\u00f5es (\u2026) Eu n\u00e3o sabia lidar com aquela sensa\u00e7\u00e3o que eu tava sentindo. E eu acho que os meus f\u00e3s tamb\u00e9m n\u00e3o estavam conseguindo. Eu precisei realmente de muito equil\u00edbrio. Eu n\u00e3o vivi intensamente esse Carnaval, muito embora tenha sido um Carnaval lindo (\u2026) Tive que ter um autocontrole muito grande porque era psicol\u00f3gico, mas era f\u00edsico tamb\u00e9m.&nbsp;<\/strong>Era: \u2018eu preciso me equilibrar para fazer a minha m\u00fasica acontecer porque sen\u00e3o eu vou me emocionar o tempo inteiro aqui, e n\u00e3o vou fazer o que eu vim fazer, n\u00e9?\u2019. Ent\u00e3o foi diferente de todos os Carnavais da minha vida.&nbsp;<strong>Por isso que eu t\u00f4 dizendo que a partir de agora eu vou viver o Carnaval da minha vida\u201d, revelou Claudia<\/strong>, em uma conversa de cerca de 40 minutos, por Google Meet, diretamente de Miami (EUA), onde mora.<\/p>\n\n\n\n<figure class=\"wp-block-image\"><img decoding=\"async\" src=\"https:\/\/iili.io\/JAPJUDQ.jpg\" alt=\"Cre\u0301ditos Nara (10)\"\/><\/figure>\n\n\n\n<p><strong>A can\u00e7\u00e3o \u201cLiquitiqui\u201d marca o in\u00edcio do um projeto que deve durar o ano inteiro. \u201c\u00c9 \u2018O Carnaval da Minha Vida\u2019, junto com um \u201cParque de Divers\u00f5es\u201d no Carnaval de Salvador<\/strong>, que culmina na grava\u00e7\u00e3o desse show, que acontece nos dias 8 e 9 de abril, em S\u00e3o Paulo, na Vibra (maior casa de shows e espet\u00e1culos da Am\u00e9rica Latina). Eu t\u00f4 muito feliz, eu t\u00f4 muito agulhada.\u00a0<strong>Tem muito ac\u00famulo de informa\u00e7\u00e3o, ent\u00e3o eu t\u00f4 me estruturando emocionalmente para n\u00e3o explodir porque eu sou muito intensa. Eu j\u00e1 t\u00f4 sentindo isso tudo e j\u00e1 t\u00f4 com isso tudo guardado h\u00e1 muito tempo. T\u00f4 querendo botar para fora, porque j\u00e1 estou explodindo\u201d, afirmou a artista.\u00a0<\/strong><\/p>\n\n\n\n<p><strong>Al\u00e9m de dar detalhes sobre o tema do seu Carnaval e dos pr\u00f3ximos lan\u00e7amentos, Claudinha desabafou sobre o diagn\u00f3stico de TDAH, sigla para &#8220;Transtorno do D\u00e9ficit de Aten\u00e7\u00e3o com Hiperatividade&#8221;, ap\u00f3s os 40 anos de idade.&nbsp;<\/strong>\u201c<strong>\u00c9 um fluxo de pensamentos que eu n\u00e3o consigo bloquear. Eu tenho uma altera\u00e7\u00e3o no c\u00f3rtex pr\u00e9-frontal. Todo mundo consegue fazer um racioc\u00ednio \u00e0s vezes muito \u00f3bvio e l\u00f3gico e ir direto ao ponto. O TDAH n\u00e3o me deixa filtrar esses pensamentos. Eu consigo desmembrar uma pergunta em mil numa fra\u00e7\u00e3o de segundos. \u00c9 muito doido! Por outro lado, eu n\u00e3o tinha essa consci\u00eancia. Eu n\u00e3o sabia que isso era uma condi\u00e7\u00e3o. Acho que eu passei a minha vida inteira me vendo, mas eu n\u00e3o entendia o que estava acontecendo\u201d, disse.&nbsp;<\/strong><\/p>\n\n\n\n<figure class=\"wp-block-image\"><img decoding=\"async\" src=\"https:\/\/iili.io\/JAPJSOx.jpg\" alt=\"Foto 19 12 2023, 13 34 51\"\/><\/figure>\n\n\n\n<p><strong>A cantora classificou esse processo todo de descoberta do transtorno como libertador. \u201cEm princ\u00edpio, \u00e9 assustador receber o diagn\u00f3stico, porque \u00e9 um transtorno, uma condi\u00e7\u00e3o s\u00e9ria. A gente precisa olhar com ternura para o outro\u201d, pontuou.\u00a0<\/strong><br><br>Ela lembra que n\u00e3o tinha esse olhar carinhoso consigo mesma.\u00a0<strong>\u201cEu falava: eu n\u00e3o entendo, eu pare\u00e7o que sou uma pessoa que n\u00e3o tem discernimento, intelig\u00eancia (\u2026) A partir do momento em que eu tive o diagn\u00f3stico, eu comecei a ter um pouco mais de paci\u00eancia comigo mesma. Eu comecei a gostar mais de mim, a ser mais mais eu. A deixar minha personalidade fluir mais e n\u00e3o me condenar, n\u00e3o ter receio do que eu vou dizer. \u00c9 bonito ser assim, tem um lugar para o TDAH\u201d, afirmou.<\/strong><br><br>Hoje, al\u00e9m do acompanhamento com a psiquiatra Ana Beatriz Barbosa, Claudinha faz terapia e sess\u00f5es de neuromodula\u00e7\u00e3o.\u00a0<strong>\u201cEu consegui, inclusive, chegar at\u00e9 aqui hoje, independente das condena\u00e7\u00f5es, das culpas e do autoflagelo, porque a gente se martiriza. A gente quer se encaixar, quer estar no tempo dos coleguinhas da escola, da galera do trabalho e \u00e9 outro timing, \u00e9 outra no\u00e7\u00e3o de tempo. Eu consegui superar isso, eu consegui chegar at\u00e9 aqui. Eu sou uma eu sou uma nova mulher\u201d.<\/strong><br><br> <strong>LEIA A ENTREVISTA DO AL\u00d4 AL\u00d4 BAHIA COM CLAUDIA LEITE:<\/strong><\/p>\n\n\n\n<ul class=\"wp-block-list\"><li><strong>Queremos saber mais sobre o videoclipe lan\u00e7ado nesta sexta-feira. Mas, antes de tudo, o que \u00e9 \u201cLiquitiqui\u201d?<\/strong><\/li><\/ul>\n\n\n\n<figure class=\"wp-block-image\"><img decoding=\"async\" src=\"https:\/\/iili.io\/JAPJ8Rj.jpg\" alt=\"Cre\u0301ditos Nara (17)\"\/><\/figure>\n\n\n\n<p>\u00c9 uma onomatopeia (figura de linguagem que tenta reproduzir, por escrito, sons e ru\u00eddos de objetos, animais e fen\u00f4menos da natureza) do som mesmo da percuss\u00e3o do pandeiro &#8211; \u201cliquitiqui\u201d, \u201cliquitiqui\u201d, \u201cliquitiqui\u201d. \u00c9 uma c\u00e9lula r\u00edtmica que n\u00e3o \u00e9 s\u00f3 peculiar, pertinente a nossa cultura. Eu recebi esse esse refr\u00e3o j\u00e1 pronto de um dos meus parceiros na m\u00fasica, que \u00e9 Kes. Eu tenho J. Perry ali, que \u00e9 do Haiti, e Kes da Tobago. Ambos fazem Carnaval aqui para cima, Carnaval Caribenho, e eu fa\u00e7o Carnaval no Brasil. A gente simplesmente se encontrou e fez a m\u00fasica junto. Eu descobri, atrav\u00e9s dessa rela\u00e7\u00e3o com eles dois, que a gente tem a mesma c\u00e9lula r\u00edtmica para fazer Carnaval, independente do lugar onde a gente est\u00e1. Ambos v\u00eam de culturas diferentes, mas que celebram o Carnaval tamb\u00e9m. E \u00e9 tudo parecido, a gente \u00e9 muito conectado. A gente \u00e9 um s\u00f3, principalmente quando se fala de m\u00fasica.\u00a0\u200b\u200b<\/p>\n\n\n\n<ul class=\"wp-block-list\"><li><strong>Onde voc\u00ea conheceu eles?<\/strong><\/li><\/ul>\n\n\n\n<p>J. Perry eu conheci em Miami, em 2013, se eu n\u00e3o me engano. J. Perry fez \u201cDekol\u00ea\u201d (vers\u00e3o em portugu\u00eas) pra mim. Ele escreveu no \u00e1lbum dele, e eu fiz a vers\u00e3o em portugu\u00eas. Ele foi para o Brasil. A m\u00fasica \u00e9 o hino dos nossos blocos, no Carnaval, nas micaretas e tudo. E ele &#8211; que \u00e9 do Haiti &#8211; saiu t\u00e3o encantado com o Carnaval que tatuou \u201cBrasil e Haiti\u201d no bra\u00e7o. Ele \u00e9 muito apaixonado. E Kes eu conheci atrav\u00e9s de J. Perry tamb\u00e9m. Foi a m\u00fasica que me aproximou deles. Hoje eles s\u00e3o meus amigos.\u00a0<\/p>\n\n\n\n<ul class=\"wp-block-list\"><li><strong>O clipe de \u201cLiquitiqui\u201d foi gravando em que local? Vimos que tem uma vibe \u201cVer\u00e3o\u201d, uma coisa mais quente que at\u00e9 lembra Salvador, apesar de ficar claro que n\u00e3o \u00e9. Como foram as grava\u00e7\u00f5es?&nbsp;<\/strong><\/li><\/ul>\n\n\n\n<figure class=\"wp-block-image\"><img decoding=\"async\" src=\"https:\/\/iili.io\/JAPdR5b.jpg\" alt=\"Cre\u0301ditos Nara (7)\"\/><\/figure>\n\n\n\n<p>A gente acha que a cultura separa a gente e, na verdade, ela nos une. Ela une povos diferentes, que t\u00eam caracter\u00edsticas diferentes, mas \u00e9 muito parecido porque \u00e9 a gente. A gente \u00e9 muito igual. Gravamos em uma praia, em Miami. A gente queria trazer essa conex\u00e3o com Tobago, com Haiti e com o Brasil. Ent\u00e3o tinha que ser uma praia real, que a gente frequenta mesmo, e com gente de verdade na rua. Foi muito legal. Como \u00e9 um pa\u00eds \u201cdistante\u201d, a galera n\u00e3o me conhece na rua. As pessoas ficaram curiosas ouvindo a m\u00fasica. Se aproximavam por conta do som. \u00c9 muito gostoso experimentar isso.\u00a0\u00a0\u200b<\/p>\n\n\n\n<ul class=\"wp-block-list\"><li><strong>A can\u00e7\u00e3o marca o in\u00edcio do projeto \u201cO Carnaval da Minha Vida\u201d, que envolve uma s\u00e9rie de lan\u00e7amentos e eventos. O que voc\u00ea pode antecipar sobre isso?<\/strong><\/li><\/ul>\n\n\n\n<p>\u201cO Carnaval da Minha Vida\u201d \u00e9 um presente para mim e pros meus f\u00e3s. A gente deu \u201cstart\u201d nele agora, em novembro, para o p\u00fablico, mas j\u00e1 estamos trabalhando nisso h\u00e1 bastante tempo. Vivemos um per\u00edodo de ostracismo que durou muito. Deus me defenda! O primeiro Carnaval p\u00f3s-pandemia foi nesse ano\u2026 a gente acabou de vir dele! Parece que faz muito tempo, mas foi o primeiro. Foi um Carnaval dif\u00edcil para mim porque eram muitas sensa\u00e7\u00f5es, muitas emo\u00e7\u00f5es. Eu estou acostumada a lidar com o Carnaval, tenho 20 anos de carreira, mas esse foi o Carnaval mais\u2026 \u201cMeu Deus, preciso me controlar porque sen\u00e3o eu n\u00e3o consigo cantar\u201d. Foi um neg\u00f3cio muito diferente. Eu ia gravar o meu DVD antes, mas como veio a pandemia a gente postergou. Ent\u00e3o essa tem\u00e1tica de Carnaval ela j\u00e1 vinha permeando os meus desejos, meus sonhos, j\u00e1 h\u00e1 muito tempo. \u00c9 \u201cO Carnaval da Minha Vida\u201d, junto com um \u201cParque de Divers\u00f5es\u201d no Carnaval de Salvador, que faz parte desse projeto todo, que culmina na grava\u00e7\u00e3o desse show, que acontece em abril, em S\u00e3o Paulo, na Vibra. Eu t\u00f4 muito feliz, eu t\u00f4 muito agulhada. Tem muito ac\u00famulo de informa\u00e7\u00e3o, ent\u00e3o eu t\u00f4 me estruturando emocionalmente para n\u00e3o explodir porque eu sou muito intensa. Eu j\u00e1 t\u00f4 sentindo isso tudo e j\u00e1 t\u00f4 com isso tudo guardado h\u00e1 muito tempo. T\u00f4 querendo botar para fora, porque j\u00e1 estou explodindo. Eu t\u00f4 bem organizada com \u201cO Carnaval da Minha Vida\u201d, pedindo ajuda do povo em volta para poder mandar uma coisa de cada vez\u2026 mas \u00e9 um projeto bem grande, para o ano inteiro.<br><br>\n&nbsp;<\/p>\n\n\n\n<ul class=\"wp-block-list\"><li><strong>Voc\u00ea&nbsp;falou que enfrentou&nbsp;dificuldades&nbsp;nesse Carnaval. O que houve? Quando voc\u00ea fala que voc\u00ea n\u00e3o conseguia \u201cdar conta\u201d, \u00e9 uma coisa f\u00edsica? Psicol\u00f3gica? O que voc\u00ea sentia?&nbsp;<\/strong><\/li><\/ul>\n\n\n\n<figure class=\"wp-block-image\"><img decoding=\"async\" src=\"https:\/\/aloalobahia.com\/images\/p\/claudialeitee_alo-alo_bahia.jpeg\" alt=\"Claudia Leitte inicia apresenta\u00e7\u00e3o no Campo Grande e sa\u00fada idosos do Camarote Acess\u00edvel\"\/><\/figure>\n\n\n\n<figure class=\"wp-block-image\"><img decoding=\"async\" src=\"https:\/\/aloalobahia.com\/images\/p\/CCF02F13-E508-4F46-AE92-6B0359B8E392.jpeg\" alt=\"Claudia Leitte chega de moto e capacete para cantar no Carnaval de Salvador\"\/><\/figure>\n\n\n\n<figure class=\"wp-block-image\"><img decoding=\"async\" src=\"https:\/\/aloalobahia.com\/images\/p\/claudialeitee_dia2_alo_alo.jpeg\" alt=\"Claudia Leitte aposta em look pink e preto para agitar segundo dia de Carnaval em Salvador\"\/><\/figure>\n\n\n\n<p>Eu nunca fiquei sem o palco na minha vida inteira, desde crian\u00e7a. Nunca fiquei sem Carnaval. O alimento para minha m\u00fasica, minha inspira\u00e7\u00e3o, \u00e9 o povo. \u00c9 o p\u00fablico. Eu sou cantora de palco. Eu vou para o est\u00fadio porque eu estou ali imaginando o momento de estar com o p\u00fablico, de cantar para v\u00ea-los dan\u00e7ando, para v\u00ea-los celebrando o melhor da vida\u2026 se encontrando com algu\u00e9m, encontrando o amor da vida, o melhor amigo. Ent\u00e3o a minha m\u00fasica ela faz muito sentido para isso. E eu passei agora esses \u00faltimos anos fazendo m\u00fasica para esse momento e esse momento n\u00e3o chegava. O momento finalmente veio esse ano, no Carnaval.\u00a0<br><br>Eu me lembro que eu fui fazer uma a\u00e7\u00e3o numa loja, em Salvador, para entrega de abad\u00e1s. E eu fui acometida por uma emo\u00e7\u00e3o muito diferente de todas que eu j\u00e1 tive em toda minha vida. Eu n\u00e3o sabia lidar com aquela sensa\u00e7\u00e3o que eu tava sentindo ali. E eu acho que os meus f\u00e3s tamb\u00e9m n\u00e3o estavam conseguindo. Eu precisei realmente de muito equil\u00edbrio. Eu n\u00e3o vivi intensamente esse Carnaval, muito embora tenha sido um Carnaval lindo e as pessoas tenham sido muito felizes tamb\u00e9m\u2026 eu vi, eu me deleitei naquilo, eu sou muito grata, mas eu tive que ter um autocontrole muito grande porque era psicol\u00f3gico, mas era f\u00edsico tamb\u00e9m. Era: \u201ceu preciso me equilibrar para fazer a minha m\u00fasica acontecer porque sen\u00e3o eu vou me emocionar o tempo inteiro aqui, e n\u00e3o vou fazer o que eu vim fazer, n\u00e9?\u201d. Ent\u00e3o foi diferente de todos os Carnavais da minha vida. Por isso que eu t\u00f4 dizendo que a partir de agora eu vou viver o Carnaval da minha vida.<\/p>\n\n\n\n<ul class=\"wp-block-list\"><li><strong>\u00c9 como se fosse voc\u00ea n\u00e3o tivesse conseguido viver tudo que queria ter vivido. Teve que se controlar para seguir, n\u00e9? Para dar conta daquilo&#8230;&nbsp;<\/strong><\/li><\/ul>\n\n\n\n<p>Isso. S\u00e3o 6 dias de Carnaval, 6 horas por dia\u2026 tem toda uma prepara\u00e7\u00e3o emocional, uma prepara\u00e7\u00e3o f\u00edsica para estar ali, mas isso sempre foi leve para mim. A gente tem uns percal\u00e7os, tem as dificuldades, mas desta vez foi uma emo\u00e7\u00e3o muito nova. Ent\u00e3o agora eu estou me preparando, de novo, como sempre, mas me preparando para viver como eu sempre vivi meu Carnaval. Para estar ali 100% presente, independente do que aconte\u00e7a. A gente vai ser feliz junto e eu vou me divertir muito porque eu tenho que me divertir nessa parada. O projeto inteiro se chama \u201cO Carnaval da Minha Vida\u201d, mas n\u00e3o s\u00f3 para minha vida. \u00c9 para que as pessoas tomem isso para elas mesmas; elas possam dizer na primeira pessoa: \u201cesse \u00e9 o Carnaval da minha vida tamb\u00e9m\u201d. Porque n\u00e3o faz sentido para mim fazer Carnaval se a outra pessoa n\u00e3o t\u00e1 se sentindo no Carnaval de sua pr\u00f3pria vida, se n\u00e3o est\u00e1 feliz.<\/p>\n\n\n\n<ul class=\"wp-block-list\"><li><strong>Seu novo projeto coincide com a comemora\u00e7\u00e3o dos 30 anos de carreira da Ivete Sangalo. Podemos esperar algum lan\u00e7amento de voc\u00eas juntas?&nbsp;<\/strong><\/li><\/ul>\n\n\n\n<p>N\u00e3o\u2026 A gente fez o DVD de Ivete antes da pandemia. Fizemos a live \u201cO Trio\u201d, em fevereiro de 2021. A gente fez tamb\u00e9m uma m\u00fasica na pandemia, a \u201cBolo Doido\u201d, que lan\u00e7amos esse ano, no Carnaval. Ivete fez participa\u00e7\u00e3o no meu \u00e1lbum \u201cREALVERSO\u201d. Mas depois disso a gente n\u00e3o fez mais nenhum projeto. N\u00e3o vamos lan\u00e7ar nada por enquanto.\u00a0<\/p>\n\n\n\n<figure><iframe loading=\"lazy\" allowfullscreen=\"\" height=\"315\" src=\"https:\/\/www.youtube.com\/embed\/HEN7HwW7h6g?si=w1qPiqulCMwHCMVp\" width=\"560\"><\/iframe><\/figure>\n\n\n\n<ul class=\"wp-block-list\"><li><strong>Dentro desse projeto, \u201cO Carnaval da Minha Vida\u201d,&nbsp; voc\u00ea pensou no tema \u201cParque de Divers\u00e3o\u201d para sua maratona carnavalesca. Como surgiu essa ideia?&nbsp;<\/strong><\/li><\/ul>\n\n\n\n<p>Eu t\u00f4 com 3D do trio el\u00e9trico pronto e acho que vai ficar ainda mais bonito. Eu sonhei com isso. Eu acho que a gente \u00e9 mais crian\u00e7a no Carnaval e \u00e9 o que eu quero fazer: eu quero ser crian\u00e7a no Carnaval. A gente n\u00e3o pode se preocupar tanto assim o tempo inteiro. Tem que ter responsabilidade consigo, com o pr\u00f3ximo, respeitar os espa\u00e7os\u2026 mas a gente vai para uma festa dessa para ser feliz, para dividir o melhor de si com o outro. E a gente faz isso quando a gente \u00e9 crian\u00e7a. A crian\u00e7a ela n\u00e3o espera, ela se joga de qualquer altura\u2026 e o pai dela vai estar l\u00e1 embaixo para segurar; a m\u00e3e vai estar ali. Eu quero essa seguran\u00e7a no cora\u00e7\u00e3o das pessoas. A certeza de que elas v\u00e3o pra festa e que elas podem ser elas mesmas, elas podem ter essa v\u00e1lvula de escape. Porque para mim nunca foi s\u00f3 entretenimento. Elas podem se divertir como crian\u00e7a porque a tia Claudinha vai tomar conta delas ali. Vai dar a melhor m\u00fasica. Vai se divertir em tempo integral at\u00e9 o final do Carnaval com elas. Tamb\u00e9m quero um pouco do resgate dessa mem\u00f3ria afetiva. Todo mundo j\u00e1 foi para um parque de divers\u00f5es na inf\u00e2ncia, n\u00e9? A gente tem uma mem\u00f3ria no parque de divers\u00f5es. Por mais que n\u00e3o goste da montanha-russa mais cavernosa, foi no pula-pula, no carrinho bate-bate, na barraca tira ao alvo. Todo mundo tem uma lembran\u00e7a. Eu quero que as pessoas sejam felizes e se divirtam. Minha m\u00fasica faz sentido por causa disso.\u00a0<\/p>\n\n\n\n<ul class=\"wp-block-list\"><li><strong>O que voc\u00ea pode antecipar sobre seus looks do Carnaval?&nbsp;<\/strong><\/li><\/ul>\n\n\n\n<p>A minha inspira\u00e7\u00e3o para o looks s\u00e3o as pessoas. Tem a tem\u00e1tica do parque de divers\u00f5es, mas tem rela\u00e7\u00e3o com a experi\u00eancia de cada um no parque. Eu transformei o palco numa m\u00e1quina de ursinhos do parque. A gente t\u00e1 levando um monte de ursinhos para o palco at\u00e9 para trazer essa vibe e ter a conex\u00e3o com tudo que a gente t\u00e1 fazendo.<br><br>\n&nbsp;<a href=\"https:\/\/www.instagram.com\/p\/C0rynZFPzq2\/?utm_source=ig_embed&amp;utm_campaign=loading\" target=\"_blank\" rel=\"noreferrer noopener\"><\/a><a href=\"https:\/\/www.instagram.com\/p\/C0rynZFPzq2\/?utm_source=ig_embed&amp;utm_campaign=loading\" target=\"_blank\" rel=\"noreferrer noopener\">Ver essa foto no Instagram<\/a><\/p>\n\n\n\n<p><a href=\"https:\/\/www.instagram.com\/p\/C0rynZFPzq2\/?utm_source=ig_embed&amp;utm_campaign=loading\" target=\"_blank\" rel=\"noreferrer noopener\">Uma publica\u00e7\u00e3o compartilhada por Claudia Leitte (@claudialeitte)<\/a><a href=\"https:\/\/www.instagram.com\/reel\/C0uuI_iNAph\/?utm_source=ig_embed&amp;utm_campaign=loading\" target=\"_blank\" rel=\"noreferrer noopener\"><\/a><a href=\"https:\/\/www.instagram.com\/reel\/C0uuI_iNAph\/?utm_source=ig_embed&amp;utm_campaign=loading\" target=\"_blank\" rel=\"noreferrer noopener\">Ver essa foto no Instagram<\/a><\/p>\n\n\n\n<p><a href=\"https:\/\/www.instagram.com\/reel\/C0uuI_iNAph\/?utm_source=ig_embed&amp;utm_campaign=loading\" target=\"_blank\" rel=\"noreferrer noopener\">Uma publica\u00e7\u00e3o compartilhada por Claudia Leitte (@claudialeitte)<\/a><\/p>\n\n\n\n<ul class=\"wp-block-list\"><li><strong>O seu Carnaval vai ser todo em Salvador?<\/strong><\/li><\/ul>\n\n\n\n<p>Isso. Sexta (9\/2) eu puxo o bloco Blow Out; s\u00e1bado (10\/2) eu fa\u00e7o Camarote Brahma; domingo (11\/2) e ter\u00e7a (13\/2) eu puxo o bloco Largadinho. Vai ser bem legal.<\/p>\n\n\n\n<ul class=\"wp-block-list\"><li><strong>Al\u00e9m do clipe que voc\u00ea t\u00e1 lan\u00e7ando hoje, voc\u00ea vai trazer outros lan\u00e7amentos para esse projeto?&nbsp;<\/strong><\/li><\/ul>\n\n\n\n<p>Sim, tem um monte de m\u00fasica in\u00e9dita. Tem m\u00fasicas a gente chama de \u201clado B\u201d, que t\u00e3o vindo no projeto ao vivo, mas provavelmente, por conta do intervalo de tempo mesmo, as pessoas v\u00e3o come\u00e7ar a ouvir todas essas m\u00fasicas no DVD, mas a gente vai soltar algumas coisinhas antes. Eu comecei a cantar uma outra no trio, num bloco, para j\u00e1 ir ensaiando com a galera. Mas tem um cronograma anual.<\/p>\n\n\n\n<ul class=\"wp-block-list\"><li><strong>Voc\u00ea deve lan\u00e7ar tudo at\u00e9 a grava\u00e7\u00e3o do DVD, nos dias 8 e 9 abril?<\/strong><\/li><\/ul>\n\n\n\n<p>N\u00e3o\u2026 A gente est\u00e1 experimentando algumas ao vivo, porque tem uma porrada de show at\u00e9 abril. Mas soltar mesmo efetivamente tem um tempo de matura\u00e7\u00e3o. At\u00e9 abril tem mais m\u00fasica, mas a gente vai experimentando.\u00a0<\/p>\n\n\n\n<ul class=\"wp-block-list\"><li><strong>E essa grava\u00e7\u00e3o, em S\u00e3o Paulo, voc\u00ea vai lan\u00e7ar em formato audiovisual?&nbsp;<\/strong><\/li><\/ul>\n\n\n\n<p>Essa era audiovisual j\u00e1 acompanha a gente desde a \u00e9poca dos clipes. Vai estar dispon\u00edvel online para todo mundo assistir. Provavelmente, por conta de gravadora e tudo mais, a gente tem uns lan\u00e7amentos exclusivos atrelados a alguma marca, mas estar\u00e1 dispon\u00edvel para todo mundo no formato de DVD. Vamos gravar m\u00fasicas in\u00e9ditas, can\u00e7\u00f5es que marcaram a minha carreira, al\u00e9m de releituras. Vai ser um repert\u00f3rio bem variado, assim como \u00e9 o do Carnaval.<\/p>\n\n\n\n<ul class=\"wp-block-list\"><li><strong>Voc\u00ea lan\u00e7ou seu novo clipe no dia em que come\u00e7a o Ver\u00e3o no Brasil. Como vai ser seu Ver\u00e3o?&nbsp;<\/strong><\/li><\/ul>\n\n\n\n<p>Natal eu posso com a minha fam\u00edlia toda. A gente est\u00e1 em Miami passeando. N\u00e3o \u00e9 s\u00f3 lavar roupa agora \u00e9 passear mesmo (risos). E o Ver\u00e3o vou passar no Brasil, claro. No dia 29, eu vou estar no R\u00e9veillon de Sant\u00e9, no Rio de Janeiro; no dia 30, no Festival Virada Salvador; e no dia 31 eu fa\u00e7o a virada na Paulista, em S\u00e3o Paulo. Vou ficar a\u00ed em minha casa. Fico indo e voltando o tempo todo h\u00e1 quase 10 anos.<\/p>\n\n\n\n<ul class=\"wp-block-list\"><li><strong>Voc\u00ea revelou recentemente que foi diagnosticada com TDAH, sigla para &#8220;Transtorno do D\u00e9ficit de Aten\u00e7\u00e3o com Hiperatividade&#8221;, ap\u00f3s os 40 anos de idade. Para encerrar, pode nos contar um pouco como foi isso? O que isso mudou na sua vida? Afinal, a Claudinha que fez o Carnaval em 2023 n\u00e3o sabia que tinha TDAH e a de agora sabe\u2026<\/strong><\/li><\/ul>\n\n\n\n<p>Ai, voc\u00ea me perguntou uma coisa t\u00e3o especial, t\u00e3o importante. Eu costumo falar isso para as pessoas a minha volta, mas na verdade \u00e9 como se fosse uma mensagem para mim mesma: (aprendi a) ter um pouco de paci\u00eancia comigo mesma. Sempre que um jornalista, por exemplo, me faz uma pergunta eu vou em detalhes. A minha mem\u00f3ria \u00e9 muito vasta. \u00c9 um fluxo de pensamentos que eu n\u00e3o consigo bloquear. Eu tenho uma altera\u00e7\u00e3o no c\u00f3rtex pr\u00e9-frontal. Todo mundo consegue fazer um racioc\u00ednio \u00e0s vezes muito \u00f3bvio e l\u00f3gico e ir direto ao ponto. O TDAH n\u00e3o me deixa filtrar esses pensamentos. Eu consigo desmembrar uma pergunta em mil numa fra\u00e7\u00e3o de segundos. \u00c9 muito doido! Por outro lado, eu n\u00e3o tinha essa consci\u00eancia. Eu n\u00e3o sabia que isso era uma condi\u00e7\u00e3o.<\/p>\n\n\n\n<ul class=\"wp-block-list\"><li><strong>Voc\u00ea nunca desconfiou que tinha esse transtorno?<\/strong><\/li><\/ul>\n\n\n\n<p>Acho que eu passei a minha vida inteira me vendo &#8211; porque eu sempre me vi &#8211; mas eu n\u00e3o entendia o que estava acontecendo. Eu dava uma entrevista e eu n\u00e3o conseguia terminar o racioc\u00ednio ou \u00e0s vezes eu j\u00e1 tava respondendo e aprofundando, porque quem tem TDAH muitas vezes quando interessa por um assunto ou quer falar mais ou \u201cse perde\u201d. Estou generalizando, mas cada caso \u00e9 um caso. E a gente precisa falar da individualidade, que \u00e9 muito importante. Mas eu tinha uma tend\u00eancia a ouvir aquilo, me empolgar e n\u00e3o ouvir o resto do que acontecia. E eu j\u00e1 sabia disso. Ent\u00e3o eu ia me preparando para ir para a entrevista ou pra qualquer que fosse o meu compromisso para ter a paci\u00eancia que eu n\u00e3o produzo naturalmente por conta da minha altera\u00e7\u00e3o. \u00c0s vezes eu me perdia no racioc\u00ednio. E eu falava assim: \u201cMeu Deus, mas eu j\u00e1 sei que n\u00e3o posso ser assim. Eu j\u00e1 sei a resposta. N\u00e3o era isso que eu queria dizer\u201d. E isso automaticamente me condenava.<\/p>\n\n\n\n<ul class=\"wp-block-list\"><li><strong>Voc\u00ea se julgava muito? Isso mudou ap\u00f3s o diagn\u00f3stico?<\/strong><\/li><\/ul>\n\n\n\n<p>Eu olhava para mim e n\u00e3o tinha tanta ternura. Eu falava: eu n\u00e3o entendo, eu pare\u00e7o que sou uma pessoa que n\u00e3o tem discernimento, intelig\u00eancia. E eu falando: \u201cPor que eu sou assim? Eu n\u00e3o me aceito assim\u201d. Depois, a partir do momento em que eu tive o diagn\u00f3stico, eu comecei a ter um pouco mais de paci\u00eancia comigo mesma. Eu comecei a gostar mais de mim, a ser mais mais eu. A deixar minha personalidade fluir mais e n\u00e3o me condenar, n\u00e3o ter receio do que eu vou dizer. \u00c9 bonito ser assim, tem um lugar para o TDAH. A gente n\u00e3o pensar: temos uma condi\u00e7\u00e3o e vamos ser exclu\u00eddos aqui. N\u00e3o, eu consegui, inclusive, chegar at\u00e9 aqui hoje, independente das condena\u00e7\u00f5es, das culpas e do autoflagelo, porque a gente se martiriza. A gente quer se encaixar, quer estar no tempo dos coleguinhas da escola, da galera do trabalho e \u00e9 outro timing, \u00e9 outra no\u00e7\u00e3o de tempo. Eu consegui superar isso, eu consegui chegar at\u00e9 aqui. Eu sou uma eu sou uma nova mulher. \u00c9 muito libertador. Em princ\u00edpio, \u00e9 assustador, receber o diagn\u00f3stico, porque \u00e9 um transtorno, uma condi\u00e7\u00e3o s\u00e9ria. A gente precisa olhar com ternura para o outro.<br><br><br>Muito embora tenha muito diagn\u00f3stico tardio, quanto antes a gente puder tratar uma crian\u00e7a para inserir ela num contexto, dar condi\u00e7\u00f5es especiais mesmo para quem tem TDH, melhor. Porque ela vai ter chance de exercer a fun\u00e7\u00e3o dela. Eu tive a felicidade, a ben\u00e7\u00e3o, n\u00e3o sei porque. N\u00e3o me pergunte, porque \u00e9 uma quest\u00e3o divina, mas de ter descoberto o que eu queria pra minha vida ainda na minha fase de crian\u00e7a, ent\u00e3o o meu hiperfoco &#8211; que \u00e9 uma qualidade &#8211; ele foi agu\u00e7ado na minha inf\u00e2ncia. Meus pais sempre foram pais maravilhosos, mas a gente sabe que tem pessoas que n\u00e3o s\u00e3o privilegiadas assim, que n\u00e3o vivem num lar compreensivo, n\u00e3o t\u00eam acesso a um colo, onde se sintam felizes. Eu acho que \u00e9 muito importante falar disso. Achei que foi incr\u00edvel voc\u00ea tocar nesse assunto agora e eu me sinto muito feliz de poder falar disso nesse tempo.\u00a0<\/p>\n\n\n\n<figure><iframe loading=\"lazy\" allowfullscreen=\"\" height=\"315\" src=\"https:\/\/www.youtube.com\/embed\/c0d9s3LfUfw?si=5fldF_Bc9hO6iEp2\" width=\"560\"><\/iframe><\/figure>\n\n\n\n<ul class=\"wp-block-list\"><li><strong>Voc\u00ea sentia que o fato de ter TDAH te interferia em alguma coisa no Carnaval?<\/strong><\/li><\/ul>\n\n\n\n<p>Jamais. Carnaval nunca. Meu fluxo de ideias, de pensamentos, n\u00e3o \u00e9 contido. N\u00e3o tem essa linha, n\u00e3o tem filtro. Mas tenho um hiperfoco. Eu sou uma cantora de palco, de trio. Quando eu subo ali, o meu hiperfoco \u00e9 ativado. Eu canto 400 m\u00fasicas em cima do trio e meus parceiros de backing vocal falam: \u201cCaraca, como \u00e9 que essa mulher lembra essa m\u00fasica? A melodia?\u201d. Eu tenho sentidos muito agu\u00e7ados. O cheiro para mim \u00e9 uma coisa muito importante: o cheiro me traz a m\u00fasica. Eu consigo enxergar coisas de uma maneira diferente. Eu vejo desdobramentos daquilo que realmente est\u00e1 acontecendo. N\u00e3o tenho uma evas\u00e3o. N\u00e3o me perco nos meus pensamentos. Eu n\u00e3o tenho um devaneio. Tenho hiperfoco.\u00a0<\/p>\n\n\n\n<ul class=\"wp-block-list\"><li><strong>\u00c9 percept\u00edvel que voc\u00ea est\u00e1 mais em paz consigo mesma ap\u00f3s esse&nbsp;diagn\u00f3stico. No palco e no trio voc\u00ea sente alguma diferen\u00e7a pr\u00e1tica?<\/strong><\/li><\/ul>\n\n\n\n<p>No trio, n\u00e3o. Nos lugares onde eu atuo, tamb\u00e9m n\u00e3o. Com meu hiperfoco, eu nunca tive nenhum problema cantando. Na \u00e9poca da escola, por exemplo, eu sempre fui muito boa mesmo em Literatura, Geografia, Hist\u00f3ria, em humanas. Eu escrevo super bem e sempre escrevi reda\u00e7\u00f5es tranquilamente. Isso parece um \u201csuperpoder\u201d, para alguns, mas na verdade \u00e9 o hiperfoco. S\u00e3o assuntos que me interessam muito. Quando interessam, a gente vai a fundo e faz aquilo com mais afinco e com zelo, esmero. J\u00e1 exatas, eu pensava assim: vamos aqui do jeito que der para ir. \u00c0s vezes eu super entendo, mas a equa\u00e7\u00e3o n\u00e3o era s\u00f3 uma f\u00f3rmula que eu tinha que decorar. Eu precisava entender o que estava por tr\u00e1s daquele c\u00e1lculo pra trazer para uma realidade mais comum.\u00a0<br><br>Agora \u00e9 muito importante ir pra um m\u00e9dico. Eu tive o diagn\u00f3stico de TDAH antes e foi assustador para mim. Eu sempre ouvi que eu era hiperativa e isso sempre foi um problema de alguma forma. Principalmente como mulher, porque eu sou serelepe, e eu sou \u201cClaudinha Bagunceira\u201d. Eu sou aquilo ali mesmo: super el\u00e9trica, flui de mim e eu n\u00e3o tenho muito controle. Eu sou ativa, tenho meus momentos mais concentrada, mas s\u00e3o m\u00ednimos. Eu sou muito falante, el\u00e9trica e tal. \u00c0s vezes n\u00e3o era compreendida. Eu trabalho com banda predominantemente masculina, a gente est\u00e1 falando de 20 anos atr\u00e1s, eu era muito novinha. Ouvia muito: \u201cAh, essa menina da\u00ed t\u00e1 querendo tomar ousadia comigo porque ela \u00e9 agitadinha, ela t\u00e1 se movimentando muita. T\u00e1 mexendo muito no cabelo. Fala muito\u2026\u201d. E eu tava ali s\u00f3 sendo eu. Ent\u00e3o isso gera comportamentos que s\u00e3o muito mais profundos, e s\u00f3 se resolve isso com o acompanhamento m\u00e9dico. Voc\u00ea tem que ter um bom m\u00e9dico para para dar um diagn\u00f3stico, por exemplo. Voc\u00ea saber que tem TDAH n\u00e3o \u00e9 t\u00e3o libertador quanto voc\u00ea ser tratado por um psiquiatra. Precisa realmente de um acompanhamento individual m\u00e9dico. Isso \u00e9 urgente. E eu eu t\u00f4 sabendo que agora o SUS vai disponibilizar ainda mais psiquiatras. Ent\u00e3o eu eu quero estimular as pessoas a marcarem logo uma consulta porque quanto mais cedo elas souberem quais s\u00e3o as dificuldades que elas v\u00e3o ter que enfrentar, mais preparadas elas v\u00e3o estar. Principalmente TDAH, que precisa ensaiar para fazer as coisas direito; para n\u00e3o esquecer uma chave para n\u00e3o se perder\u2026 \u00a0<\/p>\n\n\n\n<ul class=\"wp-block-list\"><li><strong>Como funciona seu tratamento?&nbsp;<\/strong><\/li><\/ul>\n\n\n\n<p>Cada caso \u00e9 um caso. A minha m\u00e9dica \u00e9 a doutora Ana Beatriz Barbosa. Eu fa\u00e7o minhas sess\u00f5es, tenho terapia e neuromodula\u00e7\u00e3o. Foi uma coisa que teve um impacto profundo em mim. Chama EMTr \u2013 Estimula\u00e7\u00e3o magn\u00e9tica transcraniana repetitiva. \u00c9 uma t\u00e9cnica onde se aplica pulsos eletromagn\u00e9ticos repetidos em uma regi\u00e3o espec\u00edfica da cabe\u00e7a por meio de uma bobina com intuito de estimular a libera\u00e7\u00e3o de neurotransmissores e restabelecer conex\u00f5es cerebrais atrav\u00e9s da neuroplasticidade cerebral (capacidade de remodelamento cerebral) por ela induzida. \u00c9 um procedimento n\u00e3o invasivo, aplicado em consult\u00f3rio, sem anestesia e sem dor. Eu fiz um intensivo e continuo fazendo. Toda vez que eu t\u00f4 por l\u00e1 eu fa\u00e7o um pouquinho. Tenho minhas consultas sempre que d\u00e1 e eu estou me sentindo \u00f3tima.<br><br><br> <em>Fotos: Nara\/Divulga\u00e7\u00e3o e Al\u00f4 Al\u00f4 Bahia.<br><\/em><\/p>\n","protected":false},"excerpt":{"rendered":"<p>Para celebrar a chegada do Ver\u00e3o nesta sexta-feira (22),&nbsp;Claudia Leitte acaba de lan\u00e7ar o videoclipe da m\u00fasica \u201cLiquitiqui\u201d, que marca o in\u00edcio do projeto \u201cO Carnaval [&hellip;]<\/p>\n","protected":false},"author":3,"featured_media":24029,"comment_status":"open","ping_status":"open","sticky":false,"template":"","format":"standard","meta":{"footnotes":""},"categories":[80],"tags":[],"class_list":["post-24028","post","type-post","status-publish","format-standard","has-post-thumbnail","hentry","category-home"],"_links":{"self":[{"href":"https:\/\/blogs.correio24horas.com.br\/mesalte\/wp-json\/wp\/v2\/posts\/24028","targetHints":{"allow":["GET"]}}],"collection":[{"href":"https:\/\/blogs.correio24horas.com.br\/mesalte\/wp-json\/wp\/v2\/posts"}],"about":[{"href":"https:\/\/blogs.correio24horas.com.br\/mesalte\/wp-json\/wp\/v2\/types\/post"}],"author":[{"embeddable":true,"href":"https:\/\/blogs.correio24horas.com.br\/mesalte\/wp-json\/wp\/v2\/users\/3"}],"replies":[{"embeddable":true,"href":"https:\/\/blogs.correio24horas.com.br\/mesalte\/wp-json\/wp\/v2\/comments?post=24028"}],"version-history":[{"count":2,"href":"https:\/\/blogs.correio24horas.com.br\/mesalte\/wp-json\/wp\/v2\/posts\/24028\/revisions"}],"predecessor-version":[{"id":24031,"href":"https:\/\/blogs.correio24horas.com.br\/mesalte\/wp-json\/wp\/v2\/posts\/24028\/revisions\/24031"}],"wp:featuredmedia":[{"embeddable":true,"href":"https:\/\/blogs.correio24horas.com.br\/mesalte\/wp-json\/wp\/v2\/media\/24029"}],"wp:attachment":[{"href":"https:\/\/blogs.correio24horas.com.br\/mesalte\/wp-json\/wp\/v2\/media?parent=24028"}],"wp:term":[{"taxonomy":"category","embeddable":true,"href":"https:\/\/blogs.correio24horas.com.br\/mesalte\/wp-json\/wp\/v2\/categories?post=24028"},{"taxonomy":"post_tag","embeddable":true,"href":"https:\/\/blogs.correio24horas.com.br\/mesalte\/wp-json\/wp\/v2\/tags?post=24028"}],"curies":[{"name":"wp","href":"https:\/\/api.w.org\/{rel}","templated":true}]}}