{"id":24009,"date":"2023-12-22T07:19:15","date_gmt":"2023-12-22T10:19:15","guid":{"rendered":"https:\/\/blogs.correio24horas.com.br\/mesalte\/?p=24009"},"modified":"2023-12-22T18:12:09","modified_gmt":"2023-12-22T21:12:09","slug":"beyonce-em-salvador-ela-veio-e-em-5-minutos-fez-mais-pela-bahia-do-que-muito-artista","status":"publish","type":"post","link":"https:\/\/blogs.correio24horas.com.br\/mesalte\/beyonce-em-salvador-ela-veio-e-em-5-minutos-fez-mais-pela-bahia-do-que-muito-artista\/","title":{"rendered":"Beyonce\u0301 em Salvador: ela veio e, em 3 minutos, fez mais pela Bahia do que muito artista que j\u00e1 pisou aqui"},"content":{"rendered":"\n<p>Sim, ela veio. Sim, ela \u00e9 bel\u00edssima. Sim, ela chegou abra\u00e7ada com a bandeira da Bahia. Sim, ela pegou um avi\u00e3o para subir no palco e falar com os f\u00e3s por  3 minutos. Parecia que era um surto coletivo. Mas n\u00e3o foi. Beyonce\u0301 &#8211; uma das maiores artistas do mundo &#8211; p<a href=\"https:\/\/www.correio24horas.com.br\/entretenimento\/fim-do-misterio-beyonce-volta-a-salvador-e-marca-presenca-no-club-renaissance-1223\">isou na noite de quinta-feira (21) em Salvador para participar da premiere nacional do filme \u201cRenaissance: A Film by Beyonc\u00e9\u201d<\/a>. Vestida toda de prata, a queen colocou a Bahia no topo do mundo em fra\u00e7\u00e3o de segundos em um gesto que tem impactos que talvez nem ela consiga mensurar nesse momento. <\/p>\n\n\n\n<figure class=\"wp-block-image\"><img loading=\"lazy\" decoding=\"async\" width=\"628\" height=\"472\" src=\"https:\/\/blogs.correio24h.com.br\/mesalte\/wp-content\/uploads\/2023\/12\/WhatsApp-Image-2023-12-22-at-06.51.47.jpeg\" alt=\"\" class=\"wp-image-24015\" srcset=\"https:\/\/blogs.correio24h.com.br\/mesalte\/wp-content\/uploads\/2023\/12\/WhatsApp-Image-2023-12-22-at-06.51.47.jpeg 628w, https:\/\/blogs.correio24h.com.br\/mesalte\/wp-content\/uploads\/2023\/12\/WhatsApp-Image-2023-12-22-at-06.51.47-300x225.jpeg 300w, https:\/\/blogs.correio24h.com.br\/mesalte\/wp-content\/uploads\/2023\/12\/WhatsApp-Image-2023-12-22-at-06.51.47-194x146.jpeg 194w, https:\/\/blogs.correio24h.com.br\/mesalte\/wp-content\/uploads\/2023\/12\/WhatsApp-Image-2023-12-22-at-06.51.47-50x38.jpeg 50w, https:\/\/blogs.correio24h.com.br\/mesalte\/wp-content\/uploads\/2023\/12\/WhatsApp-Image-2023-12-22-at-06.51.47-100x75.jpeg 100w\" sizes=\"auto, (max-width: 628px) 100vw, 628px\" \/><figcaption>Beyonc\u00e9 em Salvador\nFoto: Reprodu\u00e7\u00e3o<\/figcaption><\/figure>\n\n\n\n<p>Ela poderia ter lan\u00e7ado seu filme em qualquer cidade do Brasil. Ela poderia ter continuado distante e ter mandado um v\u00eddeo com um &#8216;hi, brazil&#8217;. Mas, Salvador foi ESCOLHIDA por Beyonc\u00e9 para receber a sua presen\u00e7a. Foram apenas 3 minutos no palco montado no Centro de Conven\u00e7\u00f5es Salvador. ]<\/p>\n\n\n\n<p>Chegou &#8216;abra\u00e7ada&#8217; com a bandeira da Bahia. Saiu envolta com a bandeira no Brasil, mas no palco estava cercada de mulheres pretas da banda percussiva Did\u00e1. Em sua fala, destacou a pot\u00eancia \u00fanica da Bahia:  N\u00e3o h\u00e1 ningu\u00e9m como voc\u00eas, voc\u00eas s\u00e3o \u00fanicos. Primeira e \u00fanica, Bahia!&#8221;, disse, afirmando estar feliz por ver a plateia de Salvador. <\/p>\n\n\n\n<figure class=\"wp-block-image\"><img loading=\"lazy\" decoding=\"async\" width=\"694\" height=\"532\" src=\"https:\/\/blogs.correio24h.com.br\/mesalte\/wp-content\/uploads\/2023\/12\/WhatsApp-Image-2023-12-22-at-06.31.54.jpeg\" alt=\"\" class=\"wp-image-24013\" srcset=\"https:\/\/blogs.correio24h.com.br\/mesalte\/wp-content\/uploads\/2023\/12\/WhatsApp-Image-2023-12-22-at-06.31.54.jpeg 694w, https:\/\/blogs.correio24h.com.br\/mesalte\/wp-content\/uploads\/2023\/12\/WhatsApp-Image-2023-12-22-at-06.31.54-300x230.jpeg 300w, https:\/\/blogs.correio24h.com.br\/mesalte\/wp-content\/uploads\/2023\/12\/WhatsApp-Image-2023-12-22-at-06.31.54-190x146.jpeg 190w, https:\/\/blogs.correio24h.com.br\/mesalte\/wp-content\/uploads\/2023\/12\/WhatsApp-Image-2023-12-22-at-06.31.54-50x38.jpeg 50w, https:\/\/blogs.correio24h.com.br\/mesalte\/wp-content\/uploads\/2023\/12\/WhatsApp-Image-2023-12-22-at-06.31.54-98x75.jpeg 98w\" sizes=\"auto, (max-width: 694px) 100vw, 694px\" \/><figcaption>Beyonc\u00e9 em Salvador<\/figcaption><\/figure>\n\n\n\n<p>O gesto \u00e9 potente e simb\u00f3lico. Com 319 milh\u00f5es de seguidores &#8211; somente no Instagram -, Beyonc\u00e9 ativou sua localiza\u00e7\u00e3o para Salvador. Isso visibiliza a cidade para o mundo, multiplica e valoriza ainda mais o nosso povo. Mais do que isso: abre portas para novas iniciativas de promo\u00e7\u00e3o da capital baiana para o mundo. <\/p>\n\n\n\n<p>O evento que contou com sua presen\u00e7a tinha cerca de 3 mil convidados &#8211; em sua grande maioria formados por pessoas negras. A produ\u00e7\u00e3o era majoritariamente composta por pessoas negras. Os f\u00e3s foram tratados com extrema gentileza e cuidado com direito a comida e bebida de gra\u00e7a. N\u00e3o custa nada lembrar do caos que foi a turn\u00ea de Taylor Swift.  Tudo tirado do bolso dela &#8211; ok, sabemos que ela tem muito dinheiro &#8211; mas quantos artistas nacionais ou internacionais fizeram isso por Salvador? Me arrisco a dizer que nenhum. <\/p>\n\n\n\n<figure class=\"wp-block-image\"><img loading=\"lazy\" decoding=\"async\" width=\"694\" height=\"888\" src=\"https:\/\/blogs.correio24h.com.br\/mesalte\/wp-content\/uploads\/2023\/12\/WhatsApp-Image-2023-12-22-at-06.56.31.jpeg\" alt=\"\" class=\"wp-image-24017\" srcset=\"https:\/\/blogs.correio24h.com.br\/mesalte\/wp-content\/uploads\/2023\/12\/WhatsApp-Image-2023-12-22-at-06.56.31.jpeg 694w, https:\/\/blogs.correio24h.com.br\/mesalte\/wp-content\/uploads\/2023\/12\/WhatsApp-Image-2023-12-22-at-06.56.31-234x300.jpeg 234w, https:\/\/blogs.correio24h.com.br\/mesalte\/wp-content\/uploads\/2023\/12\/WhatsApp-Image-2023-12-22-at-06.56.31-114x146.jpeg 114w, https:\/\/blogs.correio24h.com.br\/mesalte\/wp-content\/uploads\/2023\/12\/WhatsApp-Image-2023-12-22-at-06.56.31-39x50.jpeg 39w, https:\/\/blogs.correio24h.com.br\/mesalte\/wp-content\/uploads\/2023\/12\/WhatsApp-Image-2023-12-22-at-06.56.31-59x75.jpeg 59w\" sizes=\"auto, (max-width: 694px) 100vw, 694px\" \/><\/figure>\n\n\n\n<p><strong>L\u00e1grimas, emo\u00e7\u00e3o e amor <\/strong><br>Beyonc\u00e9 recebida por gritos euf\u00f3ricos, choros, solu\u00e7os e a sensa\u00e7\u00e3o de incredulidade: &#8216;ela veio&#8217;. Era a frase mais ouvida pelos 3 minutos que ela ficou no palco e por todos os outros que se sucederam. Durante os \u00faltimos dias as especula\u00e7\u00f5es eram muitas. Ontem, o voo que trouxe a artista para Salvador foi monitorado via internet por milhares de f\u00e3s. <\/p>\n\n\n\n<p>De todo o Brasil, Salvador foi a \u00fanica cidade escolhida para ser o palco do t\u00e3o aguardado evento e para a estreia da produ\u00e7\u00e3o \u201cRenaissance: A Film by Beyonc\u00e9\u201d, document\u00e1rio sobre os bastidores da \u00faltima turn\u00ea mundial da estrela, realizada esse ano, e que rendeu US$ 579 milh\u00f5es \u00e0 popstar. O valor simb\u00f3lico dessa defer\u00eancia \u00e0 Bahia \u00e9 incalcul\u00e1vel.<\/p>\n\n\n\n<p>A primeira vez que eu vi Beyonc\u00e9  pisar em Salvador foi l\u00e1 nos idos de 2010 em show no parque de Exposi\u00e7\u00f5es com show de abertura de Ivete Sangalo. Em 13 anos muita coisa mudou e deu orgulho de ver uma cantora negra que cobrou na \u00e9poca R$50 em um ingresso se tornar uma estrela mundial. <\/p>\n\n\n\n<p>Como nem tudo s\u00e3o flores, os f\u00e3s ficaram com um sabor amargo pela diva n\u00e3o ter cantado uma m\u00fasica e tamb\u00e9m por ela n\u00e3o ter anunciado nenhuma data de show no Brasil.  &#8220;N\u00e3o foi poss\u00edvel trazer a turn\u00ea de Renaissance, mas estou muito feliz de dar o filme Renaissance para que voc\u00eas possam fazer parte do Renaissance, porque voc\u00eas s\u00e3o o Renaissance&#8221;, disse Beyonc\u00e9. <\/p>\n\n\n\n<p>Agora, s\u00f3 nos resta esperar e continuar reverenciando a maior artista de todos os tempos &#8211; que agora ama e declara seu amor pela Bahia. Sorry, mundo, mas Beyonc\u00e9 \u00e9 nossa! <\/p>\n\n\n\n<p><em>Em tempo:  A IDW, marca global que nasceu em Salvador e possui sede na capital baiana e em S\u00e3o Paulo, assinou a realiza\u00e7\u00e3o e produ\u00e7\u00e3o local do Club Renaissance, festa promovida por Beyonc\u00e9 e produzida pela Parkwood Entertainment, em parceria com a Rede Globo. <\/em><\/p>\n\n\n\n<p><\/p>\n","protected":false},"excerpt":{"rendered":"<p>Sim, ela veio. Sim, ela \u00e9 bel\u00edssima. Sim, ela chegou abra\u00e7ada com a bandeira da Bahia. Sim, ela pegou um avi\u00e3o para subir no palco e [&hellip;]<\/p>\n","protected":false},"author":1,"featured_media":24014,"comment_status":"open","ping_status":"open","sticky":false,"template":"","format":"standard","meta":{"footnotes":""},"categories":[80],"tags":[],"class_list":["post-24009","post","type-post","status-publish","format-standard","has-post-thumbnail","hentry","category-home"],"_links":{"self":[{"href":"https:\/\/blogs.correio24horas.com.br\/mesalte\/wp-json\/wp\/v2\/posts\/24009","targetHints":{"allow":["GET"]}}],"collection":[{"href":"https:\/\/blogs.correio24horas.com.br\/mesalte\/wp-json\/wp\/v2\/posts"}],"about":[{"href":"https:\/\/blogs.correio24horas.com.br\/mesalte\/wp-json\/wp\/v2\/types\/post"}],"author":[{"embeddable":true,"href":"https:\/\/blogs.correio24horas.com.br\/mesalte\/wp-json\/wp\/v2\/users\/1"}],"replies":[{"embeddable":true,"href":"https:\/\/blogs.correio24horas.com.br\/mesalte\/wp-json\/wp\/v2\/comments?post=24009"}],"version-history":[{"count":13,"href":"https:\/\/blogs.correio24horas.com.br\/mesalte\/wp-json\/wp\/v2\/posts\/24009\/revisions"}],"predecessor-version":[{"id":24032,"href":"https:\/\/blogs.correio24horas.com.br\/mesalte\/wp-json\/wp\/v2\/posts\/24009\/revisions\/24032"}],"wp:featuredmedia":[{"embeddable":true,"href":"https:\/\/blogs.correio24horas.com.br\/mesalte\/wp-json\/wp\/v2\/media\/24014"}],"wp:attachment":[{"href":"https:\/\/blogs.correio24horas.com.br\/mesalte\/wp-json\/wp\/v2\/media?parent=24009"}],"wp:term":[{"taxonomy":"category","embeddable":true,"href":"https:\/\/blogs.correio24horas.com.br\/mesalte\/wp-json\/wp\/v2\/categories?post=24009"},{"taxonomy":"post_tag","embeddable":true,"href":"https:\/\/blogs.correio24horas.com.br\/mesalte\/wp-json\/wp\/v2\/tags?post=24009"}],"curies":[{"name":"wp","href":"https:\/\/api.w.org\/{rel}","templated":true}]}}