{"id":24006,"date":"2023-12-14T08:51:40","date_gmt":"2023-12-14T11:51:40","guid":{"rendered":"https:\/\/blogs.correio24horas.com.br\/mesalte\/?p=24006"},"modified":"2023-12-14T08:51:42","modified_gmt":"2023-12-14T11:51:42","slug":"cortejo-afro-recebe-russo-passapusso-no-ensaio-no-pelourinho","status":"publish","type":"post","link":"https:\/\/blogs.correio24horas.com.br\/mesalte\/cortejo-afro-recebe-russo-passapusso-no-ensaio-no-pelourinho\/","title":{"rendered":"Cortejo Afro recebe Russo Passapusso no ensaio no Pelourinho"},"content":{"rendered":"\n<p>A banda\u00a0<strong>Cortejo Afro<\/strong>\u00a0recebe o compositor, cantor, pesquisador e escritor\u00a0<strong>Russo Passapusso<\/strong>\u00a0no 3\u00ba Ensaio da temporada, que ser\u00e1 realizado na segunda-feira (18), no Largo da Tieta (Pelourinho), \u00e0s 21h, preenchendo de ritmos e cores as ruas do Centro Hist\u00f3rico. Ingressos antecipados j\u00e1 podem ser adquiridos no site Bilheteria Digital. Assinantes do Correio t\u00eam 50% de desconto na compra do ingresso. <\/p>\n\n\n\n<p>No show, a banda Cortejo Afro promete apresentar sua sonoridade afro e inovadora. Durante o evento, mostrar\u00e1 a eleg\u00e2ncia e a for\u00e7a de sua batida percussiva, que se diferencia das demais, por apresentar uma mistura de ritmos africanos, combinados com batidas eletr\u00f4nicas, m\u00fasicas latinas, MPB e Pop. Tudo isso, transmitido atrav\u00e9s de um repert\u00f3rio \u00fanico, formado por composi\u00e7\u00f5es da banda, j\u00e1 consagradas pelo p\u00fablico, e releituras de can\u00e7\u00f5es nacionais.<\/p>\n\n\n\n<p><strong>Cortejo Afro<\/strong>&nbsp;&#8211; \u00c0s margens da Bacia do Cobre, no Parque S\u00e3o Bartolomeu, em Salvador-BA, nasce a Entidade Cultural Cortejo Afro, em 2 de julho de 1998. Sua origem dentro dos limites de um terreiro de candombl\u00e9, o Il\u00ea Ax\u00e9 Oy\u00e1, sob a inspira\u00e7\u00e3o e orienta\u00e7\u00e3o espiritual da Yalorix\u00e1 Anizia da Rocha Pitta, M\u00e3e Santinha, atesta toda a sua identidade, autenticidade e for\u00e7a. A banda e o bloco foram idealizados pelo artista pl\u00e1stico Alberto Pitta que, h\u00e1 mais de 40 anos, desenvolve trabalhos ligados \u00e0 est\u00e9tica e cultura africana. A entidade, envolvida com esta proposta, desenvolve trabalhos sociais junto \u00e0 sua comunidade durante o ano inteiro.<\/p>\n\n\n\n<p><strong>Russo Passapusso<\/strong>&nbsp;&#8211; Roosevelt Ribeiro de Carvalho, o Russo Passapusso, nascido em Feira de Santana, \u00e9 compositor, cantor, pesquisador e escritor. Conhecido por comandar multid\u00f5es com o som poderoso do BaianaSystem &#8211; uma das maiores bandas brasileiras da atualidade, tamb\u00e9m \u00e9 fundador do coletivo SoundSystem Minist\u00e9reo P\u00fablico. Muito atuante na cena musical contempor\u00e2nea brasileira, Russo j\u00e1 gravou com artistas como Gilberto Gil, Elza Soares, Margareth Menezes, Curumin, Gilsons, Tropkillaz, Karina Buhr e, artistas internacionais como, Mano Chao.<\/p>\n\n\n\n<p>Em seu \u00e1lbum solo &#8220;Para\u00edso da Miragem&#8221; (2014), Russo apresenta uma obra contempor\u00e2nea com a est\u00e9tica marcante da m\u00fasica brasileira. Em colabora\u00e7\u00e3o com renomados artistas, como Curumin, Z\u00e9 Nigro e Lucas Martins, e participa\u00e7\u00f5es especiais de talentos como Anelis Assump\u00e7\u00e3o, BNeg\u00e3o e Marcelo Jeneci, contribuem para a riqueza desse trabalho. No \u00e1lbum &#8220;Alto da Maravilha&#8221; (2022), Russo realiza um antigo sonho ao se unir \u00e0 ic\u00f4nica e idolatrada dupla Ant\u00f4nio Carlos e Jocafi, conhecida por sucessos como &#8220;Voc\u00ea abusou&#8221; e &#8220;Mudei de ideia&#8221;.<\/p>\n\n\n\n<p><strong>Servi\u00e7o:<\/strong>&nbsp;Ensaio do Cortejo Afro<\/p>\n\n\n\n<p><strong>Convidado:<\/strong>&nbsp;Russo Passapusso<\/p>\n\n\n\n<p><strong>Quando:<\/strong>&nbsp;segunda-feira, 18\/12\/2023<\/p>\n\n\n\n<p><strong>Abertura:<\/strong>&nbsp;19h<\/p>\n\n\n\n<p><strong>Show:<\/strong>&nbsp;21h<\/p>\n\n\n\n<p><strong>Onde:<\/strong>&nbsp;Largo da Tieta \u2013 Pelourinho<\/p>\n\n\n\n<p><strong>Ingressos:<\/strong>&nbsp;Lote Promocional R$100,00 (inteira) e R$50,00 (meia-entrada).<\/p>\n\n\n\n<p><strong>Vendas:<\/strong>&nbsp;Site Bilheteria Digital e no local, no dia do evento.<\/p>\n","protected":false},"excerpt":{"rendered":"<p>A banda\u00a0Cortejo Afro\u00a0recebe o compositor, cantor, pesquisador e escritor\u00a0Russo Passapusso\u00a0no 3\u00ba Ensaio da temporada, que ser\u00e1 realizado na segunda-feira (18), no Largo da Tieta (Pelourinho), \u00e0s [&hellip;]<\/p>\n","protected":false},"author":1,"featured_media":24007,"comment_status":"open","ping_status":"open","sticky":false,"template":"","format":"standard","meta":{"footnotes":""},"categories":[80],"tags":[],"class_list":["post-24006","post","type-post","status-publish","format-standard","has-post-thumbnail","hentry","category-home"],"_links":{"self":[{"href":"https:\/\/blogs.correio24horas.com.br\/mesalte\/wp-json\/wp\/v2\/posts\/24006","targetHints":{"allow":["GET"]}}],"collection":[{"href":"https:\/\/blogs.correio24horas.com.br\/mesalte\/wp-json\/wp\/v2\/posts"}],"about":[{"href":"https:\/\/blogs.correio24horas.com.br\/mesalte\/wp-json\/wp\/v2\/types\/post"}],"author":[{"embeddable":true,"href":"https:\/\/blogs.correio24horas.com.br\/mesalte\/wp-json\/wp\/v2\/users\/1"}],"replies":[{"embeddable":true,"href":"https:\/\/blogs.correio24horas.com.br\/mesalte\/wp-json\/wp\/v2\/comments?post=24006"}],"version-history":[{"count":1,"href":"https:\/\/blogs.correio24horas.com.br\/mesalte\/wp-json\/wp\/v2\/posts\/24006\/revisions"}],"predecessor-version":[{"id":24008,"href":"https:\/\/blogs.correio24horas.com.br\/mesalte\/wp-json\/wp\/v2\/posts\/24006\/revisions\/24008"}],"wp:featuredmedia":[{"embeddable":true,"href":"https:\/\/blogs.correio24horas.com.br\/mesalte\/wp-json\/wp\/v2\/media\/24007"}],"wp:attachment":[{"href":"https:\/\/blogs.correio24horas.com.br\/mesalte\/wp-json\/wp\/v2\/media?parent=24006"}],"wp:term":[{"taxonomy":"category","embeddable":true,"href":"https:\/\/blogs.correio24horas.com.br\/mesalte\/wp-json\/wp\/v2\/categories?post=24006"},{"taxonomy":"post_tag","embeddable":true,"href":"https:\/\/blogs.correio24horas.com.br\/mesalte\/wp-json\/wp\/v2\/tags?post=24006"}],"curies":[{"name":"wp","href":"https:\/\/api.w.org\/{rel}","templated":true}]}}