{"id":23995,"date":"2023-11-08T11:08:19","date_gmt":"2023-11-08T14:08:19","guid":{"rendered":"https:\/\/blogs.correio24horas.com.br\/mesalte\/?p=23995"},"modified":"2023-11-08T11:08:20","modified_gmt":"2023-11-08T14:08:20","slug":"estreia-nacional-do-documentario-espanhol-resistencias-traz-jean-wyllys-e-debora-diniz-a-salvador","status":"publish","type":"post","link":"https:\/\/blogs.correio24horas.com.br\/mesalte\/estreia-nacional-do-documentario-espanhol-resistencias-traz-jean-wyllys-e-debora-diniz-a-salvador\/","title":{"rendered":"Estreia nacional do document\u00e1rio espanhol Resist\u00eancias traz Jean Wyllys e D\u00e9bora Diniz a Salvador"},"content":{"rendered":"\n<p>A pandemia da desinforma\u00e7\u00e3o, a viol\u00eancia pol\u00edtica e a ascens\u00e3o da extrema direita no mundo s\u00e3o grandes desafios atuais que tem algumas respostas no document\u00e1rio espanhol Resist\u00eancias: arte e palavras para combater a difama\u00e7\u00e3o pol\u00edtica. A s\u00e9rie de cinco epis\u00f3dios estreia nacionalmente em Salvador, nesta sexta-feira (10), \u00e0s 19 horas, na Sala Walter da Silveira, na Biblioteca Central, nos Barris, com a participa\u00e7\u00e3o do ex-deputado federal, jornalista e escritor, Jean Wyllys, e da antrop\u00f3loga D\u00e9bora Diniz. <\/p>\n\n\n\n<p>A estreia nacional \u00e9 fruto de uma parceria entre o Instituto Cervantes Salvador e a plataforma openDemocracy, respons\u00e1vel pela s\u00e9rie documental espanhola. Ap\u00f3s a exibi\u00e7\u00e3o do document\u00e1rio, os protagonistas participam de um debate. Estar\u00e3o presentes, al\u00e9m de Jean Wyllys e D\u00e9bora Diniz,  o core\u00f3grafo Wagner Schwartz, a fil\u00f3sofa e escritora M\u00e1rcia Tiburi; a diretora da s\u00e9rie, Cristina Juliana Abril, e o produtor e jornalista Francesc Badia, ambos espanh\u00f3is.<\/p>\n\n\n\n<p>Com epis\u00f3dios entre 15 e 20 minutos de dura\u00e7\u00e3o cada, Resist\u00eancias conta as hist\u00f3rias de quatro intelectuais e artistas de destaque na esfera p\u00fablica brasileira, que foram v\u00edtimas de \u00f3dio pol\u00edtico em seu pa\u00eds de origem e que, mesmo em ex\u00edlio em diferentes lugares do mundo, seguiram lutando para sobreviverem \u00e0 viol\u00eancia da difama\u00e7\u00e3o digital e pensando formas de enfrent\u00e1-la politicamente.<\/p>\n\n\n\n<p>Todos os protagonistas foram v\u00edtimas das chamadas fake news, da tentativa de assassinato de suas reputa\u00e7\u00f5es e das amea\u00e7as de morte, no final de 2018. Filmado entre 2021 e 2022, nas cidades de Barcelona, Paris, Nova York e Londres, lugares em que viviam os diferentes exilados, Resist\u00eancias estreou com sucesso de p\u00fablico e de cr\u00edtica no exterior.<\/p>\n\n\n\n<p>Na \u00faltima semana, Jean Wyllys esteve na capital baiana reunido com o diretor do Instituto Cervantes Salvador, Daniel Gallego, e o produtor espanhol Francesc Badia, ajustando os \u00faltimos detalhes para a exibi\u00e7\u00e3o do filme e o debate. O apoio ao projeto tamb\u00e9m integra as a\u00e7\u00f5es do instituto no fortalecimento e promo\u00e7\u00e3o da cultura espanhola em todo o mundo. <\/p>\n\n\n\n<p>\u201cEste \u00e9 um tema de repercuss\u00e3o global, com as quest\u00f5es centrais afetando a popula\u00e7\u00e3o de todos os pa\u00edses do mundo, por isso entendemos como fundamental promover n\u00e3o apenas a exibi\u00e7\u00e3o do filme, mas o debate. Realizar a estreia nacional desta s\u00e9rie documental em Salvador e na Bahia tamb\u00e9m \u00e9 muito importante para n\u00f3s\u201d, afirma o diretor do Instituto Cervantes, Daniel Gallego.<\/p>\n\n\n\n<p>\u201cTrata-se de um documento emocionante e politicamente muito potente sobre um tema que hoje assombra o mundo e que amea\u00e7a artistas, intelectuais e pol\u00edticos em toda parte: a desinforma\u00e7\u00e3o com fins de ass\u00e9dio, silenciamento, assassinato de reputa\u00e7\u00f5es e desumaniza\u00e7\u00e3o. Vejamos, por exemplo, o papel que este mal est\u00e1 jogando nas guerras da Ucr\u00e2nia e no Oriente M\u00e9dio\u201d, explica o jornalista Francesc Badia, idealizador e produtor da s\u00e9rie. <\/p>\n\n\n\n<p><strong>SERVI\u00c7O<br><\/strong>Estreia nacional do document\u00e1rio espanhol Resist\u00eancias: arte e palavras para combater a difama\u00e7\u00e3o pol\u00edtica e debate com Jean Wyllys, D\u00e9bora Diniz, Wagner Schwartz e M\u00e1rcia Tiburi<br> Quando: Sexta-feira (10), \u00e0s 19 horas<br> Onde: Sala Walter da Silveira &#8211; Biblioteca P\u00fablica dos Barris, em Salvador <\/p>\n","protected":false},"excerpt":{"rendered":"<p>A pandemia da desinforma\u00e7\u00e3o, a viol\u00eancia pol\u00edtica e a ascens\u00e3o da extrema direita no mundo s\u00e3o grandes desafios atuais que tem algumas respostas no document\u00e1rio espanhol [&hellip;]<\/p>\n","protected":false},"author":1,"featured_media":23996,"comment_status":"open","ping_status":"open","sticky":false,"template":"","format":"standard","meta":{"footnotes":""},"categories":[80,16],"tags":[],"class_list":["post-23995","post","type-post","status-publish","format-standard","has-post-thumbnail","hentry","category-home","category-me-jogo"],"_links":{"self":[{"href":"https:\/\/blogs.correio24horas.com.br\/mesalte\/wp-json\/wp\/v2\/posts\/23995","targetHints":{"allow":["GET"]}}],"collection":[{"href":"https:\/\/blogs.correio24horas.com.br\/mesalte\/wp-json\/wp\/v2\/posts"}],"about":[{"href":"https:\/\/blogs.correio24horas.com.br\/mesalte\/wp-json\/wp\/v2\/types\/post"}],"author":[{"embeddable":true,"href":"https:\/\/blogs.correio24horas.com.br\/mesalte\/wp-json\/wp\/v2\/users\/1"}],"replies":[{"embeddable":true,"href":"https:\/\/blogs.correio24horas.com.br\/mesalte\/wp-json\/wp\/v2\/comments?post=23995"}],"version-history":[{"count":1,"href":"https:\/\/blogs.correio24horas.com.br\/mesalte\/wp-json\/wp\/v2\/posts\/23995\/revisions"}],"predecessor-version":[{"id":23997,"href":"https:\/\/blogs.correio24horas.com.br\/mesalte\/wp-json\/wp\/v2\/posts\/23995\/revisions\/23997"}],"wp:featuredmedia":[{"embeddable":true,"href":"https:\/\/blogs.correio24horas.com.br\/mesalte\/wp-json\/wp\/v2\/media\/23996"}],"wp:attachment":[{"href":"https:\/\/blogs.correio24horas.com.br\/mesalte\/wp-json\/wp\/v2\/media?parent=23995"}],"wp:term":[{"taxonomy":"category","embeddable":true,"href":"https:\/\/blogs.correio24horas.com.br\/mesalte\/wp-json\/wp\/v2\/categories?post=23995"},{"taxonomy":"post_tag","embeddable":true,"href":"https:\/\/blogs.correio24horas.com.br\/mesalte\/wp-json\/wp\/v2\/tags?post=23995"}],"curies":[{"name":"wp","href":"https:\/\/api.w.org\/{rel}","templated":true}]}}