{"id":23877,"date":"2023-06-24T14:46:36","date_gmt":"2023-06-24T17:46:36","guid":{"rendered":"https:\/\/blogs.correio24horas.com.br\/mesalte\/?p=23877"},"modified":"2023-06-24T18:46:43","modified_gmt":"2023-06-24T21:46:43","slug":"drag-queen-desiree-beck-faz-show-no-palco-principal-do-sao-joao-de-irece-veja-video","status":"publish","type":"post","link":"https:\/\/blogs.correio24horas.com.br\/mesalte\/drag-queen-desiree-beck-faz-show-no-palco-principal-do-sao-joao-de-irece-veja-video\/","title":{"rendered":"Drag queen DesiR\u00e9e Beck  faz show no palco principal do S\u00e3o Jo\u00e3o de Irec\u00ea; veja v\u00eddeo"},"content":{"rendered":"\n<p>A tradicional cidade do feij\u00e3o deu um passo enorme no acolhimento \u00e0 comunidade LGBTQIA+ do munic\u00edpio na noite desta sexta-feira (23). A drag queen DesiR\u00e9e Beck se apresentou no palco principal do S\u00e3o Jo\u00e3o de Irec\u00ea em show que homenageou a grande diva Gal Costa. <\/p>\n\n\n\n<p>Ela dublou a can\u00e7\u00e3o Festa do Interior. Gal era int\u00e9rprete da can\u00e7\u00e3o , composta por Moraes Moreira, Abel Silva e lan\u00e7ada em 1981. <\/p>\n\n\n\n<p>DesiR\u00e9e \u00e9 uma personagem vivida pelo ator Michael Cardoso, 33 anos, que foi finalista do reality show Caravana das Drags.  Michael \u00e9 nascido em Irec\u00ea e sempre teve vontade de se apresentar nos tradicionais festejos juninos da cidade. <\/p>\n\n\n\n<p>\u201cMinha emo\u00e7\u00e3o maior \u00e9 de voltar ao ponto de onde eu prometi a mim mesma que estaria: o S\u00e3o Jo\u00e3o de Irec\u00ea! \u00c9 o maior evento da cidade, toda a regi\u00e3o se mobiliza pra curtir os festejos e foi ali que a sementinha da arte foi plantada no meu cora\u00e7\u00e3o. Ent\u00e3o, hoje eu me sinto uma vitoriosa, feliz  demais e ainda mais por n\u00e3o ser s\u00f3 sobre mim, ser sobre a comunidade LGBTQIA+ de Irec\u00ea, que vai se ver neste espet\u00e1culo e acreditar que \u00e9 poss\u00edvel sonhar\u201d,  falou DesiR\u00e9e ao Me Salte. <br><\/p>\n\n\n\n<p><a href=\"https:\/\/www.instagram.com\/reel\/Ct4dqvpO0LO\/?utm_source=ig_web_copy_link&amp;igshid=MzRlODBiNWFlZA==\">VEJA O V\u00cdDEO AQUI <br><\/a><br>Pelas redes sociais, o prefeito da cidade Elmo Vaz agradeceu a participa\u00e7\u00e3o da artista da terra. &#8221; Linda participa\u00e7\u00e3o @desireebeck_! Muito obrigado por abrilhantar a Cidade do S\u00e3o Jo\u00e3o&#8221;, escreveu o gestor. <\/p>\n\n\n\n<p> Saiba mais sobre o S\u00e3o Jo\u00e3o da Bahia em<a href=\"http:\/\/ correio24horas.com.br\/saojoao \"> correio24horas.com.br\/saojoao <\/a>ou no aplicativo&nbsp;<a href=\"https:\/\/www.instagram.com\/explore\/tags\/correio24horas\/\">#correio24horas<\/a><\/p>\n\n\n\n<p><em>O projeto S\u00e3o Jo\u00e3o em todo canto \u00e9 uma realiza\u00e7\u00e3o do jornal Correio com patroc\u00ednio da Via Bahia e apoio da Larco Petr\u00f3leo.<\/em><\/p>\n\n\n\n<p><\/p>\n","protected":false},"excerpt":{"rendered":"<p>A tradicional cidade do feij\u00e3o deu um passo enorme no acolhimento \u00e0 comunidade LGBTQIA+ do munic\u00edpio na noite desta sexta-feira (23). A drag queen DesiR\u00e9e Beck [&hellip;]<\/p>\n","protected":false},"author":1,"featured_media":23878,"comment_status":"open","ping_status":"open","sticky":false,"template":"","format":"standard","meta":{"footnotes":""},"categories":[80,25],"tags":[2314,72,1261],"class_list":["post-23877","post","type-post","status-publish","format-standard","has-post-thumbnail","hentry","category-home","category-me-transformo","tag-desiree","tag-drag","tag-sao-joao"],"_links":{"self":[{"href":"https:\/\/blogs.correio24horas.com.br\/mesalte\/wp-json\/wp\/v2\/posts\/23877","targetHints":{"allow":["GET"]}}],"collection":[{"href":"https:\/\/blogs.correio24horas.com.br\/mesalte\/wp-json\/wp\/v2\/posts"}],"about":[{"href":"https:\/\/blogs.correio24horas.com.br\/mesalte\/wp-json\/wp\/v2\/types\/post"}],"author":[{"embeddable":true,"href":"https:\/\/blogs.correio24horas.com.br\/mesalte\/wp-json\/wp\/v2\/users\/1"}],"replies":[{"embeddable":true,"href":"https:\/\/blogs.correio24horas.com.br\/mesalte\/wp-json\/wp\/v2\/comments?post=23877"}],"version-history":[{"count":6,"href":"https:\/\/blogs.correio24horas.com.br\/mesalte\/wp-json\/wp\/v2\/posts\/23877\/revisions"}],"predecessor-version":[{"id":23884,"href":"https:\/\/blogs.correio24horas.com.br\/mesalte\/wp-json\/wp\/v2\/posts\/23877\/revisions\/23884"}],"wp:featuredmedia":[{"embeddable":true,"href":"https:\/\/blogs.correio24horas.com.br\/mesalte\/wp-json\/wp\/v2\/media\/23878"}],"wp:attachment":[{"href":"https:\/\/blogs.correio24horas.com.br\/mesalte\/wp-json\/wp\/v2\/media?parent=23877"}],"wp:term":[{"taxonomy":"category","embeddable":true,"href":"https:\/\/blogs.correio24horas.com.br\/mesalte\/wp-json\/wp\/v2\/categories?post=23877"},{"taxonomy":"post_tag","embeddable":true,"href":"https:\/\/blogs.correio24horas.com.br\/mesalte\/wp-json\/wp\/v2\/tags?post=23877"}],"curies":[{"name":"wp","href":"https:\/\/api.w.org\/{rel}","templated":true}]}}