{"id":23742,"date":"2023-03-10T10:59:48","date_gmt":"2023-03-10T13:59:48","guid":{"rendered":"https:\/\/blogs.correio24horas.com.br\/mesalte\/?p=23742"},"modified":"2023-03-10T11:01:18","modified_gmt":"2023-03-10T14:01:18","slug":"drag-queen-desiree-beck-de-irece-participa-de-reality-show-da-amazon-com-xuxa","status":"publish","type":"post","link":"https:\/\/blogs.correio24horas.com.br\/mesalte\/drag-queen-desiree-beck-de-irece-participa-de-reality-show-da-amazon-com-xuxa\/","title":{"rendered":"Drag queen baiana DesiR\u00e9e Beck participa de reality show da Amazon com Xuxa"},"content":{"rendered":"\n<p> Ela \u00e9 o momento! A drag queen baiana\u00a0DesiR\u00e9e Beck, natural de Irec\u00ea, \u00e9 uma das estrelas do Caravana das Drags, reality show brasileiro\u00a0Original Amazon, que estreia globalmente com exclusividade no\u00a0Prime Video\u00a0no dia 14 de abril. A competi\u00e7\u00e3o \u00e9 apresentada por\u00a0Xuxa Meneghel e Ikaro Kadoshi\u00a0e traz dez artistas viajando por oito cidades brasileiras &#8211; entre elas a capital baiana &#8211; a bordo de um \u00f4nibus extravagante.\u00a0<\/p>\n\n\n\n<p>A criatividade \u00e9 um crit\u00e9rio importante para vencer os desafios inspirados em diferentes tradi\u00e7\u00f5es regionais brasileiras. Quem acompanha o Me Salte desde  o come\u00e7o j\u00e1 viu a evolu\u00e7\u00e3o da personagem criada por Michael Batista, que  tem sete anos de estrada. &#8216;A perua mais amada da Bahia&#8217; j\u00e1 foi Miss Salvador Gay, palestrante e atuou em pe\u00e7as teatrais. Atualmente, DesiR\u00e9e tamb\u00e9m trabalha como youtuber (produzindo muitos v\u00eddeos sobre o universo drag), podcaster e MC.<\/p>\n\n\n\n<p><a href=\"https:\/\/www.instagram.com\/p\/CpkjIIlLVWQ\/\">VEJA AQUI O V\u00cdDEO DE APRESENTA\u00c7\u00c3O DE DESI<\/a><\/p>\n\n\n\n<p> DesiR\u00e9e Beck participou de uma sele\u00e7\u00e3o inicial que contava com cerca de 300 inscritas de todo o Brasil. Em conversa com o Me Salte ela revelou que todo o programa j\u00e1 foi gravado &#8211; inclusive o reunion. <\/p>\n\n\n\n<p>\n\nO Caravana das Drags ter\u00e1 oito epis\u00f3dios de 45 minutos, al\u00e9m de um epis\u00f3dio especial com a reuni\u00e3o das participantes. As performances s\u00e3o avaliadas por um grupo de jurados composto pelas apresentadoras e por convidados especiais<\/p>\n\n\n\n<p>A cada programa uma participante ser\u00e1 eliminada, at\u00e9 que restem as finalistas. O reality show \u00e9 produzido pela\u00a0Producing Partners, foi criado pelos showrunners\u00a0Tatiana Issa e Guto Barra\u00a0e \u00e9 dirigido por\u00a0Bettina Hanna. <br><\/p>\n\n\n\n<p><\/p>\n","protected":false},"excerpt":{"rendered":"<p>Ela \u00e9 o momento! A drag queen baiana\u00a0DesiR\u00e9e Beck, natural de Irec\u00ea, \u00e9 uma das estrelas do Caravana das Drags, reality show brasileiro\u00a0Original Amazon, que estreia [&hellip;]<\/p>\n","protected":false},"author":1,"featured_media":23743,"comment_status":"open","ping_status":"open","sticky":false,"template":"","format":"standard","meta":{"footnotes":""},"categories":[80,25],"tags":[],"class_list":["post-23742","post","type-post","status-publish","format-standard","has-post-thumbnail","hentry","category-home","category-me-transformo"],"_links":{"self":[{"href":"https:\/\/blogs.correio24horas.com.br\/mesalte\/wp-json\/wp\/v2\/posts\/23742","targetHints":{"allow":["GET"]}}],"collection":[{"href":"https:\/\/blogs.correio24horas.com.br\/mesalte\/wp-json\/wp\/v2\/posts"}],"about":[{"href":"https:\/\/blogs.correio24horas.com.br\/mesalte\/wp-json\/wp\/v2\/types\/post"}],"author":[{"embeddable":true,"href":"https:\/\/blogs.correio24horas.com.br\/mesalte\/wp-json\/wp\/v2\/users\/1"}],"replies":[{"embeddable":true,"href":"https:\/\/blogs.correio24horas.com.br\/mesalte\/wp-json\/wp\/v2\/comments?post=23742"}],"version-history":[{"count":4,"href":"https:\/\/blogs.correio24horas.com.br\/mesalte\/wp-json\/wp\/v2\/posts\/23742\/revisions"}],"predecessor-version":[{"id":23747,"href":"https:\/\/blogs.correio24horas.com.br\/mesalte\/wp-json\/wp\/v2\/posts\/23742\/revisions\/23747"}],"wp:featuredmedia":[{"embeddable":true,"href":"https:\/\/blogs.correio24horas.com.br\/mesalte\/wp-json\/wp\/v2\/media\/23743"}],"wp:attachment":[{"href":"https:\/\/blogs.correio24horas.com.br\/mesalte\/wp-json\/wp\/v2\/media?parent=23742"}],"wp:term":[{"taxonomy":"category","embeddable":true,"href":"https:\/\/blogs.correio24horas.com.br\/mesalte\/wp-json\/wp\/v2\/categories?post=23742"},{"taxonomy":"post_tag","embeddable":true,"href":"https:\/\/blogs.correio24horas.com.br\/mesalte\/wp-json\/wp\/v2\/tags?post=23742"}],"curies":[{"name":"wp","href":"https:\/\/api.w.org\/{rel}","templated":true}]}}