{"id":23732,"date":"2023-01-31T18:59:21","date_gmt":"2023-01-31T21:59:21","guid":{"rendered":"https:\/\/blogs.correio24horas.com.br\/mesalte\/?p=23732"},"modified":"2023-01-31T18:59:24","modified_gmt":"2023-01-31T21:59:24","slug":"mostra-afeto-preto-acontece-em-salvador","status":"publish","type":"post","link":"https:\/\/blogs.correio24horas.com.br\/mesalte\/mostra-afeto-preto-acontece-em-salvador\/","title":{"rendered":"Mostra Afeto Preto acontece em Salvador"},"content":{"rendered":"\n<p>O projeto Novo Homem Preto, que dialoga com ancestralidade, ganhou desdobramentos de amor e muito companheirismo com as novas fotos da artista Nti Uir\u00e1 nas pedras da Praia da Paci\u00eancia em Salvador. As fotos do projeto, feitas no bairro,\u00a0 \u00a0ser\u00e3o expostas no dia 01 de fevereiro a partir das 19h em mostra na Submerso Gourmet, localizada na Rua da Paci\u00eancia em uma celebra\u00e7\u00e3o aos festejos \u00e0 rainha do mar. <\/p>\n\n\n\n<p>\u201cO bairro do Rio Vermelho \u00e9 inspirador e caminhar por lugares de energia e de conex\u00e3o com a nossa ancestralidade \u00e9 reencontrar com n\u00f3s mesmos e os nossos. Motivo esse que escolhemos a Pedra da Sereia para ser cen\u00e1rio desse registro lend\u00e1rio\u201d contou Uran Rodrigues que fotografou ao lado de Spartakus instantes de intimidade.<\/p>\n\n\n\n<figure class=\"wp-block-image\"><img loading=\"lazy\" decoding=\"async\" width=\"819\" height=\"1024\" src=\"https:\/\/blogs.correio24h.com.br\/mesalte\/wp-content\/uploads\/2023\/01\/afeti-oret-819x1024.jpg\" alt=\"\" class=\"wp-image-23733\" srcset=\"https:\/\/blogs.correio24h.com.br\/mesalte\/wp-content\/uploads\/2023\/01\/afeti-oret-819x1024.jpg 819w, https:\/\/blogs.correio24h.com.br\/mesalte\/wp-content\/uploads\/2023\/01\/afeti-oret-240x300.jpg 240w, https:\/\/blogs.correio24h.com.br\/mesalte\/wp-content\/uploads\/2023\/01\/afeti-oret-768x960.jpg 768w, https:\/\/blogs.correio24h.com.br\/mesalte\/wp-content\/uploads\/2023\/01\/afeti-oret-117x146.jpg 117w, https:\/\/blogs.correio24h.com.br\/mesalte\/wp-content\/uploads\/2023\/01\/afeti-oret-40x50.jpg 40w, https:\/\/blogs.correio24h.com.br\/mesalte\/wp-content\/uploads\/2023\/01\/afeti-oret-1200x1500.jpg 1200w, https:\/\/blogs.correio24h.com.br\/mesalte\/wp-content\/uploads\/2023\/01\/afeti-oret-60x75.jpg 60w, https:\/\/blogs.correio24h.com.br\/mesalte\/wp-content\/uploads\/2023\/01\/afeti-oret.jpg 1280w\" sizes=\"auto, (max-width: 819px) 100vw, 819px\" \/><\/figure>\n\n\n\n<p><\/p>\n\n\n\n<p>\u201cMinha busca na fotografia tem sido reafirmar a condi\u00e7\u00e3o de exist\u00eancia de pessoas pretas recriando o universo das imagens com afeto e amor entre elas, com alegria. Desse desejo surgiu o convite para fotografar Uran e Spartakus, numa noite beira mar na Casa da M\u00e3e. Ser e estar no mundo refazendo os espa\u00e7os afetivos, num caminho que leva pra o grande mist\u00e9rio que reside em inaugurar uma hist\u00f3ria nunca antes contada, exige coragem. O mar aponta a dire\u00e7\u00e3o horizonte, num encontro azul imenso, onde o olhar se desmancha e encontra esse elo-colo, que amplia o alcance de uma nova escrita visual do imagin\u00e1rio do homem preto sob a \u00f3tica do amor\u201d, destacou Nti.&nbsp;<\/p>\n","protected":false},"excerpt":{"rendered":"<p>O projeto Novo Homem Preto, que dialoga com ancestralidade, ganhou desdobramentos de amor e muito companheirismo com as novas fotos da artista Nti Uir\u00e1 nas pedras [&hellip;]<\/p>\n","protected":false},"author":1,"featured_media":23734,"comment_status":"open","ping_status":"open","sticky":false,"template":"","format":"standard","meta":{"footnotes":""},"categories":[80,9],"tags":[],"class_list":["post-23732","post","type-post","status-publish","format-standard","has-post-thumbnail","hentry","category-home","category-me-orgulho"],"_links":{"self":[{"href":"https:\/\/blogs.correio24horas.com.br\/mesalte\/wp-json\/wp\/v2\/posts\/23732","targetHints":{"allow":["GET"]}}],"collection":[{"href":"https:\/\/blogs.correio24horas.com.br\/mesalte\/wp-json\/wp\/v2\/posts"}],"about":[{"href":"https:\/\/blogs.correio24horas.com.br\/mesalte\/wp-json\/wp\/v2\/types\/post"}],"author":[{"embeddable":true,"href":"https:\/\/blogs.correio24horas.com.br\/mesalte\/wp-json\/wp\/v2\/users\/1"}],"replies":[{"embeddable":true,"href":"https:\/\/blogs.correio24horas.com.br\/mesalte\/wp-json\/wp\/v2\/comments?post=23732"}],"version-history":[{"count":1,"href":"https:\/\/blogs.correio24horas.com.br\/mesalte\/wp-json\/wp\/v2\/posts\/23732\/revisions"}],"predecessor-version":[{"id":23735,"href":"https:\/\/blogs.correio24horas.com.br\/mesalte\/wp-json\/wp\/v2\/posts\/23732\/revisions\/23735"}],"wp:featuredmedia":[{"embeddable":true,"href":"https:\/\/blogs.correio24horas.com.br\/mesalte\/wp-json\/wp\/v2\/media\/23734"}],"wp:attachment":[{"href":"https:\/\/blogs.correio24horas.com.br\/mesalte\/wp-json\/wp\/v2\/media?parent=23732"}],"wp:term":[{"taxonomy":"category","embeddable":true,"href":"https:\/\/blogs.correio24horas.com.br\/mesalte\/wp-json\/wp\/v2\/categories?post=23732"},{"taxonomy":"post_tag","embeddable":true,"href":"https:\/\/blogs.correio24horas.com.br\/mesalte\/wp-json\/wp\/v2\/tags?post=23732"}],"curies":[{"name":"wp","href":"https:\/\/api.w.org\/{rel}","templated":true}]}}