{"id":23722,"date":"2023-01-27T12:30:15","date_gmt":"2023-01-27T15:30:15","guid":{"rendered":"https:\/\/blogs.correio24horas.com.br\/mesalte\/?p=23722"},"modified":"2023-01-27T14:08:05","modified_gmt":"2023-01-27T17:08:05","slug":"influenciador-baiano-cleidson-e-correspondente-da-tv-globo-nas-redes-sociais-para-o-festival-de-verao","status":"publish","type":"post","link":"https:\/\/blogs.correio24horas.com.br\/mesalte\/influenciador-baiano-cleidson-e-correspondente-da-tv-globo-nas-redes-sociais-para-o-festival-de-verao\/","title":{"rendered":"Influenciador baiano Cleidson \u00e9 correspondente da TV Globo nas redes sociais para o Festival de Ver\u00e3o"},"content":{"rendered":"\n<p><\/p>\n\n\n\n<p>O influenciador soteropolitano Cleidson (@ocleidson), tamb\u00e9m conhecido como Baby,  \u00e9 o nome escolhido pela TV Globo (@tvglobo) para estar \u00e0 frente da cobertura do Festival de Ver\u00e3o (@festivalverao) pelo perfil da emissora no Instagram. Durante os dois dias em que a festa acontece no Parque de Exposi\u00e7\u00f5es de Salvador, Cleidson vai mostrar os bastidores, curiosidades, as rea\u00e7\u00f5es do p\u00fablico e os detalhes dos shows e encontros in\u00e9ditos que v\u00e3o marcar a edi\u00e7\u00e3o deste ano. <br><br>Quem acompanha Baby nas redes socias sabe que ele entrega tudo nos looks! Para a miss\u00e3o FV23 os looks ser\u00e3o assinados pelo produtor de moda Adailton J\u00fanior. O que j\u00e1 se sabe dos looks \u00e9 que eles ser\u00e3o bem coloridos, com a maquiagem de Lucas Paim conversando com as pe\u00e7as.<\/p>\n\n\n\n<p>\u201cVoc\u00eas acharam mesmo que eu n\u00e3o ia mostrar TUDO do Festival de Ver\u00e3o Salvador aqui nas minhas redes? Cleidson vai t\u00e1 juntinho comigo mostrando cada detalhe do que vai rolar nessa festa linda aqui nas minhas redes. BORA, NEGONAS?! T\u00f4 preparada!\u201d, diz o post com o an\u00fancio da parceria in\u00e9dita, que recebeu coment\u00e1rios de personalidades como os atores Lucas Leto e Suliv\u00e3 Bispo, a cantora Luedji Luna, os influenciadores Ismael Carvalho e Neyzona e a empres\u00e1ria Monique Evelle, comemorando a novidade. <\/p>\n\n\n\n<p>\u201cMe emocionei demais quando vi todo mundo repostando e me mandando mensagem, senti o impacto disso. A Globo me chamou porque confia no meu trabalho e meu dever \u00e9 entregar com excel\u00eancia, sem perder meu jeito de ser. E \u00e9 isso que vou fazer\u201d, celebra Cleidson.<br><br>Foto:   @brebittencourt e @peggeu. <\/p>\n","protected":false},"excerpt":{"rendered":"<p>O influenciador soteropolitano Cleidson (@ocleidson), tamb\u00e9m conhecido como Baby, \u00e9 o nome escolhido pela TV Globo (@tvglobo) para estar \u00e0 frente da cobertura do Festival de [&hellip;]<\/p>\n","protected":false},"author":1,"featured_media":23723,"comment_status":"open","ping_status":"open","sticky":false,"template":"","format":"standard","meta":{"footnotes":""},"categories":[80,9],"tags":[],"class_list":["post-23722","post","type-post","status-publish","format-standard","has-post-thumbnail","hentry","category-home","category-me-orgulho"],"_links":{"self":[{"href":"https:\/\/blogs.correio24horas.com.br\/mesalte\/wp-json\/wp\/v2\/posts\/23722","targetHints":{"allow":["GET"]}}],"collection":[{"href":"https:\/\/blogs.correio24horas.com.br\/mesalte\/wp-json\/wp\/v2\/posts"}],"about":[{"href":"https:\/\/blogs.correio24horas.com.br\/mesalte\/wp-json\/wp\/v2\/types\/post"}],"author":[{"embeddable":true,"href":"https:\/\/blogs.correio24horas.com.br\/mesalte\/wp-json\/wp\/v2\/users\/1"}],"replies":[{"embeddable":true,"href":"https:\/\/blogs.correio24horas.com.br\/mesalte\/wp-json\/wp\/v2\/comments?post=23722"}],"version-history":[{"count":3,"href":"https:\/\/blogs.correio24horas.com.br\/mesalte\/wp-json\/wp\/v2\/posts\/23722\/revisions"}],"predecessor-version":[{"id":23727,"href":"https:\/\/blogs.correio24horas.com.br\/mesalte\/wp-json\/wp\/v2\/posts\/23722\/revisions\/23727"}],"wp:featuredmedia":[{"embeddable":true,"href":"https:\/\/blogs.correio24horas.com.br\/mesalte\/wp-json\/wp\/v2\/media\/23723"}],"wp:attachment":[{"href":"https:\/\/blogs.correio24horas.com.br\/mesalte\/wp-json\/wp\/v2\/media?parent=23722"}],"wp:term":[{"taxonomy":"category","embeddable":true,"href":"https:\/\/blogs.correio24horas.com.br\/mesalte\/wp-json\/wp\/v2\/categories?post=23722"},{"taxonomy":"post_tag","embeddable":true,"href":"https:\/\/blogs.correio24horas.com.br\/mesalte\/wp-json\/wp\/v2\/tags?post=23722"}],"curies":[{"name":"wp","href":"https:\/\/api.w.org\/{rel}","templated":true}]}}