{"id":23717,"date":"2023-01-25T18:24:27","date_gmt":"2023-01-25T21:24:27","guid":{"rendered":"https:\/\/blogs.correio24horas.com.br\/mesalte\/?p=23717"},"modified":"2023-01-25T18:24:29","modified_gmt":"2023-01-25T21:24:29","slug":"veja-a-ordem-dos-shows-do-festival-de-verao-2023","status":"publish","type":"post","link":"https:\/\/blogs.correio24horas.com.br\/mesalte\/veja-a-ordem-dos-shows-do-festival-de-verao-2023\/","title":{"rendered":"Veja a ordem dos shows do Festival de Ver\u00e3o 2023"},"content":{"rendered":"\n<p>Faltam poucos dias para o in\u00edcio do Festival de Ver\u00e3o Salvador, que realiza a sua 22\u00aa edi\u00e7\u00e3o no Parque de Exposi\u00e7\u00f5es, nos dias 28 e 29 de janeiro. O elenco de mais de 30 atra\u00e7\u00f5es, multigeracionais e de diversos g\u00eaneros musicais, se revezam nos dois palcos (Cais e Ponte), em um total de 17 shows, a partir das 16h (abertura dos port\u00f5es, \u00e0s 15h), no s\u00e1bado e no domingo.<\/p>\n\n\n\n<p>Al\u00e9m dos shows no palco principal, o evento apresenta ainda a Coke Studio Eletroarena, com um lineup formado por DJs locais (veja a lista de atra\u00e7\u00f5es ao fim do texto), um grande espa\u00e7o da cerveja Devassa \u2013 em formato de geladeira, com 15m de altura \u2013, que contar\u00e1 com uma s\u00e9rie de surpresas, uma roda gigante e outras op\u00e7\u00f5es de entretenimento para os frequentadores.<\/p>\n\n\n\n<p>O festival, organizado pela Bahia Eventos, empresa de entretenimento da Rede Bahia, traz como mote o conceito \u201cSomos Mundo\u201d, que pretende estimular os conceitos de liberdade, inclus\u00e3o, acolhimento e diversidade.<\/p>\n\n\n\n<p>\u201cEstamos construindo uma edi\u00e7\u00e3o inesquec\u00edvel, que al\u00e9m de promover muito entretenimento ao p\u00fablico vai trazer um novo momento para o Festival de Ver\u00e3o, recolocando o evento como um dos principais do pa\u00eds\u201d afirma a head da Bahia Eventos, Gabriela Gaspari.<\/p>\n\n\n\n<p><strong>TRANSPORTE P\u00daBLICO<\/strong><\/p>\n\n\n\n<p><strong><em>\u00d4nibus<\/em><\/strong><\/p>\n\n\n\n<p>A Secretaria de Mobilidade (Semob) preparou uma opera\u00e7\u00e3o especial para o evento. Com a abertura dos port\u00f5es \u00e0s 15h e encerramento \u00e0s 2h30, a opera\u00e7\u00e3o visa a garantir o atendimento para quem optar por utilizar o transporte p\u00fablico, especialmente na volta pra casa.<\/p>\n\n\n\n<p>A opera\u00e7\u00e3o de transporte ocorrer\u00e1 normalmente durante o per\u00edodo de chegada para os shows. Para a sa\u00edda, o hor\u00e1rio de atendimento ser\u00e1 ampliado, com \u00f4nibus saindo at\u00e9 as 3h30 das esta\u00e7\u00f5es de transbordo em dire\u00e7\u00e3o aos principais corredores da cidade. A partir das 21h30, cerca de 30 ve\u00edculos de frota reguladora ser\u00e3o disponibilizados para a opera\u00e7\u00e3o, e ser\u00e3o distribu\u00eddos entre as esta\u00e7\u00f5es Mussurunga, Piraj\u00e1 e Terminal Acesso Norte. Al\u00e9m disso, o metr\u00f4 tem a \u00faltima sa\u00edda da Esta\u00e7\u00e3o Mussurunga prevista para as 2h30.<\/p>\n\n\n\n<p>Os reguladores alocados na Esta\u00e7\u00e3o Mussurunga dar\u00e3o atendimento \u00e0s regi\u00f5es de Cajazeiras, avenidas Aliomar Baleeiro, Lu\u00eds Viana (Paralela), S\u00e3o Rafael, e tamb\u00e9m \u00e0 orla. J\u00e1 os ve\u00edculos na Esta\u00e7\u00e3o Piraj\u00e1 passar\u00e3o pela avenida Barros Reis, rua C\u00f4nego Pereira, avenida Afr\u00e2nio Peixoto (Suburbana), Val\u00e9ria e Estrada de Campinas. Os reguladores do terminal Acesso Norte dar\u00e3o atendimento \u00e0 rua Silveira Martins, Estrada da Liberdade, Avenida San Martin e Caminho de Areia. Os \u00f4nibus da frota reguladora ficar\u00e3o \u00e0 disposi\u00e7\u00e3o da equipe de fiscaliza\u00e7\u00e3o da Semob e ser\u00e3o utilizados de acordo com a demanda.<\/p>\n\n\n\n<p>Agentes de tr\u00e2nsito e transporte estar\u00e3o nas esta\u00e7\u00f5es para orientar os usu\u00e1rios sobre a opera\u00e7\u00e3o do Festival.<\/p>\n\n\n\n<p><strong><em>Metr\u00f4<\/em><\/strong><\/p>\n\n\n\n<p>A CCR Metr\u00f4 Bahia e o Festival de Ver\u00e3o 2023 (FV23) prepararam uma programa\u00e7\u00e3o especial para os clientes baianos que que forem usar o modal para chegarem ao Parque de Exposi\u00e7\u00f5es. As a\u00e7\u00f5es, que acontecem gratuitamente no Sistema Metrovi\u00e1rio de Salvador e Lauro de Freitas, incluem apresenta\u00e7\u00f5es art\u00edsticas, servi\u00e7os de massoterapia e grafite ao vivo. Nos dias de festa (28 e 29) tamb\u00e9m ser\u00e1 montada uma opera\u00e7\u00e3o para atender aos clientes que forem de metr\u00f4 para o festival, com a amplia\u00e7\u00e3o do hor\u00e1rio de funcionamento at\u00e9 as 2h30.<\/p>\n\n\n\n<p>Nos dias de evento, a CCR Metr\u00f4 Bahia vai realizar uma estrat\u00e9gia especial de atendimento e opera\u00e7\u00e3o visando a refor\u00e7ar ainda mais a seguran\u00e7a e o conforto do p\u00fablico que vai assistir ao Festival de Ver\u00e3o. Para garantir a volta dos clientes que forem ao evento, a esta\u00e7\u00e3o de metr\u00f4 Mussurunga, que fica pr\u00f3xima ao local dos shows, ter\u00e1 o hor\u00e1rio de funcionamento para embarque estendido at\u00e9 as 2h30, enquanto as demais esta\u00e7\u00f5es encerram as atividades no hor\u00e1rio normal (0h), funcionando ap\u00f3s este hor\u00e1rio somente para desembarque de passageiros. A concession\u00e1ria tamb\u00e9m vai ampliar o quadro de Agentes de Atendimento e Seguran\u00e7a (AASs), refor\u00e7ar a opera\u00e7\u00e3o das bilheterias e aumentar a frota de trens, de acordo com a demanda.<\/p>\n\n\n\n<p>O Sistema Metrovi\u00e1rio de Salvador e Lauro de Freitas est\u00e1 integrado com os \u00f4nibus urbanos e metropolitanos. Para evitar filas e garantir a integra\u00e7\u00e3o tarif\u00e1ria, a dica \u00e9 adquirir a passagem do metr\u00f4 para ida e volta, com anteced\u00eancia. Quem j\u00e1 tem o Cart\u00e3o Integra\u00e7\u00e3o do Metr\u00f4, pode antecipar a recarga por meio do Whatsapp, no n\u00famero (71) 9688-0714, e pelos aplicativos Banco do Brasil (para correntista), PicPay e Recarga Pay, al\u00e9m da rede credenciada, formada por 2 mil pontos de vendas. Ap\u00f3s a compra do cr\u00e9dito, a carga dever\u00e1 ser efetivada no validador de consulta e carga presente em todas as esta\u00e7\u00f5es, antes de se dirigir \u00e0s catracas de acesso do metr\u00f4.<\/p>\n\n\n\n<p>Tamb\u00e9m \u00e9 poss\u00edvel fazer a recarga nas m\u00e1quinas de autoatendimento dispon\u00edveis em todas as esta\u00e7\u00f5es de metr\u00f4, podendo pagar com pix, cart\u00e3o de d\u00e9bito e cr\u00e9dito das bandeiras Visa, Mastercard, Hipercard e Elo. O cart\u00e3o avulso, que d\u00e1 direito a uma \u00fanica passagem, tamb\u00e9m pode ser comprado antecipadamente. Outra facilidade \u00e9 a possibilidade de adquirir cart\u00f5es pr\u00e9-carregados nas m\u00e1quinas vending machines instaladas nas esta\u00e7\u00f5es.<\/p>\n\n\n\n<p><strong>O QUE PODE E N\u00c3O PODE LEVAR AO FV23<\/strong><\/p>\n\n\n\n<p><strong>Itens obrigat\u00f3rios<\/strong><\/p>\n\n\n\n<p>\u00b7&nbsp;&nbsp;&nbsp;&nbsp;&nbsp;&nbsp;&nbsp;Ingresso do FV23 (f\u00edsico ou digital)<\/p>\n\n\n\n<p>\u00b7&nbsp;&nbsp;&nbsp;&nbsp;&nbsp;&nbsp;&nbsp;Documento oficial com foto<\/p>\n\n\n\n<p><strong>Itens permitidos<\/strong><\/p>\n\n\n\n<p>\u00b7&nbsp;&nbsp;&nbsp;&nbsp;&nbsp;&nbsp;&nbsp;Chap\u00e9u ou bon\u00e9<\/p>\n\n\n\n<p>\u00b7&nbsp;&nbsp;&nbsp;&nbsp;&nbsp;&nbsp;&nbsp;Capa de chuva<\/p>\n\n\n\n<p>\u00b7&nbsp;&nbsp;&nbsp;&nbsp;&nbsp;&nbsp;&nbsp;Celular<\/p>\n\n\n\n<p>\u00b7&nbsp;&nbsp;&nbsp;&nbsp;&nbsp;&nbsp;&nbsp;Bolsa\/Mochila<\/p>\n\n\n\n<p>\u00b7&nbsp;&nbsp;&nbsp;&nbsp;&nbsp;&nbsp;&nbsp;\u00d3culos de sol<\/p>\n\n\n\n<p>\u00b7&nbsp;&nbsp;&nbsp;&nbsp;&nbsp;&nbsp;&nbsp;Protetor solar e labial<\/p>\n\n\n\n<p>\u00b7&nbsp;&nbsp;&nbsp;&nbsp;&nbsp;&nbsp;&nbsp;Canga<\/p>\n\n\n\n<p>\u00b7&nbsp;&nbsp;&nbsp;&nbsp;&nbsp;&nbsp;&nbsp;C\u00e2mera port\u00e1til<\/p>\n\n\n\n<p>\u00b7&nbsp;&nbsp;&nbsp;&nbsp;&nbsp;&nbsp;&nbsp;\u00c1lcool em gel<\/p>\n\n\n\n<p>\u00b7&nbsp;&nbsp;&nbsp;&nbsp;&nbsp;&nbsp;&nbsp;Carregador de celular<\/p>\n\n\n\n<p><strong>Itens proibidos<\/strong><\/p>\n\n\n\n<p>\u00b7&nbsp;&nbsp;&nbsp;&nbsp;&nbsp;&nbsp;&nbsp;Alimentos e bebidas<\/p>\n\n\n\n<p>\u00b7&nbsp;&nbsp;&nbsp;&nbsp;&nbsp;&nbsp;&nbsp;Copos, latas e garrafas<\/p>\n\n\n\n<p>\u00b7&nbsp;&nbsp;&nbsp;&nbsp;&nbsp;&nbsp;&nbsp;Objetos cortantes pontiagudos<\/p>\n\n\n\n<p>\u00b7&nbsp;&nbsp;&nbsp;&nbsp;&nbsp;&nbsp;&nbsp;Objetos de vidro<\/p>\n\n\n\n<p>\u00b7&nbsp;&nbsp;&nbsp;&nbsp;&nbsp;&nbsp;&nbsp;Fogos de artif\u00edcio<\/p>\n\n\n\n<p>\u00b7&nbsp;&nbsp;&nbsp;&nbsp;&nbsp;&nbsp;&nbsp;Guarda-chuva<\/p>\n\n\n\n<p>\u00b7&nbsp;&nbsp;&nbsp;&nbsp;&nbsp;&nbsp;&nbsp;Capacete<\/p>\n\n\n\n<p>\u00b7&nbsp;&nbsp;&nbsp;&nbsp;&nbsp;&nbsp;&nbsp;Subst\u00e2ncias inflam\u00e1veis ou t\u00f3xicas<\/p>\n\n\n\n<p>\u00b7&nbsp;&nbsp;&nbsp;&nbsp;&nbsp;&nbsp;&nbsp;Perfumes, cosm\u00e9ticos e desodorantes<\/p>\n\n\n\n<p>\u00b7&nbsp;&nbsp;&nbsp;&nbsp;&nbsp;&nbsp;&nbsp;Correntes ou cintur\u00f5es<\/p>\n\n\n\n<p>\u00b7&nbsp;&nbsp;&nbsp;&nbsp;&nbsp;&nbsp;&nbsp;Bast\u00e3o para tirar foto<\/p>\n\n\n\n<p>\u00b7&nbsp;&nbsp;&nbsp;&nbsp;&nbsp;&nbsp;&nbsp;Bancos ou cadeiras<\/p>\n\n\n\n<p>\u00b7&nbsp;&nbsp;&nbsp;&nbsp;&nbsp;&nbsp;&nbsp;Animais<\/p>\n\n\n\n<p>\u00b7&nbsp;&nbsp;&nbsp;&nbsp;&nbsp;&nbsp;&nbsp;Cartazes feitos com papel\u00e3o grosso ou fixados a madeiras<\/p>\n\n\n\n<p>\u00b7&nbsp;&nbsp;&nbsp;&nbsp;&nbsp;&nbsp;&nbsp;C\u00e2meras fotogr\u00e1ficas ou filmadoras profissionais ou com lente destac\u00e1vel<\/p>\n\n\n\n<p>\u00b7&nbsp;&nbsp;&nbsp;&nbsp;&nbsp;&nbsp;&nbsp;Arma de fogo ou arma branca<\/p>\n\n\n\n<p>\u00b7&nbsp;&nbsp;&nbsp;&nbsp;&nbsp;&nbsp;&nbsp;Bicicleta, skate ou qualquer tipo de ve\u00edculo, motorizado ou n\u00e3o<\/p>\n\n\n\n<p>O Festival de Ver\u00e3o Salvador \u00e9 realizado pela Bahia Eventos, empresa de entretenimento da Rede Bahia, e tem a correaliza\u00e7\u00e3o da Salvador Produ\u00e7\u00f5es e da Luan Promo\u00e7\u00f5es.<\/p>\n\n\n\n<p><br><strong>PROGRAMA\u00c7\u00c3O DOS PALCOS PRINCIPAIS<\/strong><\/p>\n\n\n\n<p><strong>ABERTURA DOS PORT\u00d5ES: 15h<\/strong><\/p>\n\n\n\n<p><strong>S\u00e1bado &#8211; 28\/01 \u2013 a partir das 16h (shows na ordem)<\/strong><\/p>\n\n\n\n<p>Quabales (show de abertura)<\/p>\n\n\n\n<p>Filipe Ret convida Caio Luccas<\/p>\n\n\n\n<p>Orochi convida Djonga<\/p>\n\n\n\n<p>Criolo convida Ney Matogrosso<\/p>\n\n\n\n<p>Margareth Menezes convida Majur e Larissa Luz<\/p>\n\n\n\n<p>Gilberto Gil convida Caetano Veloso<\/p>\n\n\n\n<p>Carlinhos Brown convida Duda Beat e \u00c0ttooxx\u00e1<\/p>\n\n\n\n<p>Momento Devassa<\/p>\n\n\n\n<p>Ivete Sangalo convida Luedji Luna<\/p>\n\n\n\n<p>Ferrugem convida Xande de Pilares<\/p>\n\n\n\n<p><strong>Domingo &#8211; 29\/01<\/strong><\/p>\n\n\n\n<p>Quabales (show de abertura)<\/p>\n\n\n\n<p>Xam\u00e3 convida Gilsons<\/p>\n\n\n\n<p>Saulo convida Marina Sena<\/p>\n\n\n\n<p>J\u00e3o convida Pitty<\/p>\n\n\n\n<p>Luisa Sonza convida Alcione<\/p>\n\n\n\n<p>Bell Marques<\/p>\n\n\n\n<p>Baiana System e Olodum (Olodumbaiana)<\/p>\n\n\n\n<p>L\u00e9o Santana<\/p>\n\n\n\n<p>Momento Devassa<\/p>\n\n\n\n<p>Ludmilla convida Gl\u00f3ria Groove<\/p>\n\n\n\n<p><strong>COKE STUDIO ELETROARENA<\/strong><\/p>\n\n\n\n<p><strong>S\u00e1bado \u2013 28\/01<\/strong><\/p>\n\n\n\n<p>Malayka SN + Kay Okan<\/p>\n\n\n\n<p>Larapio + Noize Men<\/p>\n\n\n\n<p>Mirands + Freshprincedabahia<\/p>\n\n\n\n<p>Rodrigo Bouzon + Kimehra<\/p>\n\n\n\n<p><strong>Domingo &#8211; 29\/01<\/strong><\/p>\n\n\n\n<p>Belle + Nai Kiese<\/p>\n\n\n\n<p>LA + Naylson Carvalho<\/p>\n\n\n\n<p>Jer\u00f4nimo Sodr\u00e9 + Ubuntu<\/p>\n\n\n\n<p>Karmaleoa + Lucio K<\/p>\n\n\n\n<p><strong>SERVI\u00c7O<\/strong><\/p>\n\n\n\n<p><strong>Festival de Ver\u00e3o Salvador 2023<\/strong><\/p>\n\n\n\n<p><strong>Quando:<\/strong>&nbsp;28 e 29 de janeiro de 2023<\/p>\n\n\n\n<p><strong>Onde:<\/strong>&nbsp;Parque de Exposi\u00e7\u00f5es (Av. Lu\u00eds Viana Filho, 1590 \u2013 Itapu\u00e3)<\/p>\n\n\n\n<p><strong>Vendas:&nbsp;<\/strong>Na plataforma&nbsp;<a href=\"https:\/\/bileto.sympla.com.br\/event\/77419%20\/b\/\" target=\"_blank\" rel=\"noreferrer noopener\">Sympla<\/a>&nbsp;ou nas&nbsp;<em>Lojas South dos shoppings Salvador, Paralela, Lapa e Bahia<\/em><\/p>\n","protected":false},"excerpt":{"rendered":"<p>Faltam poucos dias para o in\u00edcio do Festival de Ver\u00e3o Salvador, que realiza a sua 22\u00aa edi\u00e7\u00e3o no Parque de Exposi\u00e7\u00f5es, nos dias 28 e 29 [&hellip;]<\/p>\n","protected":false},"author":1,"featured_media":19332,"comment_status":"open","ping_status":"open","sticky":false,"template":"","format":"standard","meta":{"footnotes":""},"categories":[80,16],"tags":[2307],"class_list":["post-23717","post","type-post","status-publish","format-standard","has-post-thumbnail","hentry","category-home","category-me-jogo","tag-fv23"],"_links":{"self":[{"href":"https:\/\/blogs.correio24horas.com.br\/mesalte\/wp-json\/wp\/v2\/posts\/23717","targetHints":{"allow":["GET"]}}],"collection":[{"href":"https:\/\/blogs.correio24horas.com.br\/mesalte\/wp-json\/wp\/v2\/posts"}],"about":[{"href":"https:\/\/blogs.correio24horas.com.br\/mesalte\/wp-json\/wp\/v2\/types\/post"}],"author":[{"embeddable":true,"href":"https:\/\/blogs.correio24horas.com.br\/mesalte\/wp-json\/wp\/v2\/users\/1"}],"replies":[{"embeddable":true,"href":"https:\/\/blogs.correio24horas.com.br\/mesalte\/wp-json\/wp\/v2\/comments?post=23717"}],"version-history":[{"count":1,"href":"https:\/\/blogs.correio24horas.com.br\/mesalte\/wp-json\/wp\/v2\/posts\/23717\/revisions"}],"predecessor-version":[{"id":23718,"href":"https:\/\/blogs.correio24horas.com.br\/mesalte\/wp-json\/wp\/v2\/posts\/23717\/revisions\/23718"}],"wp:featuredmedia":[{"embeddable":true,"href":"https:\/\/blogs.correio24horas.com.br\/mesalte\/wp-json\/wp\/v2\/media\/19332"}],"wp:attachment":[{"href":"https:\/\/blogs.correio24horas.com.br\/mesalte\/wp-json\/wp\/v2\/media?parent=23717"}],"wp:term":[{"taxonomy":"category","embeddable":true,"href":"https:\/\/blogs.correio24horas.com.br\/mesalte\/wp-json\/wp\/v2\/categories?post=23717"},{"taxonomy":"post_tag","embeddable":true,"href":"https:\/\/blogs.correio24horas.com.br\/mesalte\/wp-json\/wp\/v2\/tags?post=23717"}],"curies":[{"name":"wp","href":"https:\/\/api.w.org\/{rel}","templated":true}]}}