{"id":23603,"date":"2022-08-22T15:57:55","date_gmt":"2022-08-22T18:57:55","guid":{"rendered":"https:\/\/blogs.correio24horas.com.br\/mesalte\/?p=23603"},"modified":"2022-08-22T15:57:57","modified_gmt":"2022-08-22T18:57:57","slug":"parada-do-orgulho-lgbt-da-bahia-anuncia-tema-e-nova-data-da-edicao-de-2022-saiba-mais","status":"publish","type":"post","link":"https:\/\/blogs.correio24horas.com.br\/mesalte\/parada-do-orgulho-lgbt-da-bahia-anuncia-tema-e-nova-data-da-edicao-de-2022-saiba-mais\/","title":{"rendered":"Parada do Orgulho LGBT+ da Bahia anuncia tema e nova data da edi\u00e7\u00e3o de 2022; saiba mais"},"content":{"rendered":"\n<p>Ap\u00f3s dois anos de atividades virtuais, por conta da pandemia da covid-19, a   20\u00aa Parada do Orgulho LGBT+ da Bahia acontecer\u00e1 dia 27 de novembro, no percurso do centro da cidade. A informa\u00e7\u00e3o foi divulgada nesta segunda-feira (22) pelo Grupo Gay da Bahia (GGB), entidade respons\u00e1vel pela parada. <br><br>O GGB destacou ainda que o tema ser\u00e1. &#8220;Amor. Vida. Futuro. Liberdade&#8221;. A entidade informou ainda que a altera\u00e7\u00e3o da data do tradicional 11 de setembro aconteceu em fun\u00e7\u00e3o, sobretudo as incertezas causadas pela pandemia, e ainda devido tens\u00e3o do per\u00edodo eleitoral.<br> <br>&#8220;A escolha do tema &#8220;Amor. Vida. Futuro. Liberdade.&#8221; prop\u00f5e um di\u00e1logo entre realidades do cotidiano com grande significado para o segmento LGBT+. A Parada \u00e9 celebra\u00e7\u00e3o, mas tamb\u00e9m acende um sinal de alerta aos intolerantes LGBTf\u00f3bicos que insistem em desprezar e excluir mais de 10% da popula\u00e7\u00e3o devido \u00e0 sua orienta\u00e7\u00e3o sexual e identidade de g\u00eanero.<br> \u00c9 preciso espalhar o Amor. Respeitar o direito b\u00e1sico \u00e0 Vida tamb\u00e9m dos LGBT+. Garantir um Futuro com inclus\u00e3o e sem viol\u00eancias. E assegurar direitos e Liberdade de express\u00e3o dos nossos corpos, afetos e estilo de vida&#8221;, informou o GGB, em nota divulgada pelas redes sociais. <\/p>\n","protected":false},"excerpt":{"rendered":"<p>Ap\u00f3s dois anos de atividades virtuais, por conta da pandemia da covid-19, a 20\u00aa Parada do Orgulho LGBT+ da Bahia acontecer\u00e1 dia 27 de novembro, no [&hellip;]<\/p>\n","protected":false},"author":1,"featured_media":16905,"comment_status":"open","ping_status":"open","sticky":false,"template":"","format":"standard","meta":{"footnotes":""},"categories":[80,9],"tags":[],"class_list":["post-23603","post","type-post","status-publish","format-standard","has-post-thumbnail","hentry","category-home","category-me-orgulho"],"_links":{"self":[{"href":"https:\/\/blogs.correio24horas.com.br\/mesalte\/wp-json\/wp\/v2\/posts\/23603","targetHints":{"allow":["GET"]}}],"collection":[{"href":"https:\/\/blogs.correio24horas.com.br\/mesalte\/wp-json\/wp\/v2\/posts"}],"about":[{"href":"https:\/\/blogs.correio24horas.com.br\/mesalte\/wp-json\/wp\/v2\/types\/post"}],"author":[{"embeddable":true,"href":"https:\/\/blogs.correio24horas.com.br\/mesalte\/wp-json\/wp\/v2\/users\/1"}],"replies":[{"embeddable":true,"href":"https:\/\/blogs.correio24horas.com.br\/mesalte\/wp-json\/wp\/v2\/comments?post=23603"}],"version-history":[{"count":2,"href":"https:\/\/blogs.correio24horas.com.br\/mesalte\/wp-json\/wp\/v2\/posts\/23603\/revisions"}],"predecessor-version":[{"id":23605,"href":"https:\/\/blogs.correio24horas.com.br\/mesalte\/wp-json\/wp\/v2\/posts\/23603\/revisions\/23605"}],"wp:featuredmedia":[{"embeddable":true,"href":"https:\/\/blogs.correio24horas.com.br\/mesalte\/wp-json\/wp\/v2\/media\/16905"}],"wp:attachment":[{"href":"https:\/\/blogs.correio24horas.com.br\/mesalte\/wp-json\/wp\/v2\/media?parent=23603"}],"wp:term":[{"taxonomy":"category","embeddable":true,"href":"https:\/\/blogs.correio24horas.com.br\/mesalte\/wp-json\/wp\/v2\/categories?post=23603"},{"taxonomy":"post_tag","embeddable":true,"href":"https:\/\/blogs.correio24horas.com.br\/mesalte\/wp-json\/wp\/v2\/tags?post=23603"}],"curies":[{"name":"wp","href":"https:\/\/api.w.org\/{rel}","templated":true}]}}