{"id":23586,"date":"2022-08-20T15:42:33","date_gmt":"2022-08-20T18:42:33","guid":{"rendered":"https:\/\/blogs.correio24horas.com.br\/mesalte\/?p=23586"},"modified":"2022-08-22T15:51:53","modified_gmt":"2022-08-22T18:51:53","slug":"parada-lgbtqiap-acontecera-dia-4-de-setembro","status":"publish","type":"post","link":"https:\/\/blogs.correio24horas.com.br\/mesalte\/parada-lgbtqiap-acontecera-dia-4-de-setembro\/","title":{"rendered":"Parada LGBTQIAP+  do Sub\u00farbio de Salvador acontecer\u00e1 dia 4 de setembro"},"content":{"rendered":"\n<p>Acontecer\u00e1 no dia 4 de setembro a d\u00e9cima edi\u00e7\u00e3o da parada LGBTQIAP+ do Sub\u00farbio de Salvador.  A caminhada sair\u00e1 de Paripe ( da Pra\u00e7a Jo\u00e3o Martins) seguindo pela avenida Suburbana at\u00e9 Periperi a partir das 14h. <\/p>\n\n\n\n<figure class=\"wp-block-image\"><img loading=\"lazy\" decoding=\"async\" width=\"724\" height=\"1024\" src=\"https:\/\/blogs.correio24h.com.br\/mesalte\/wp-content\/uploads\/2022\/08\/IMG-20220820-WA0027-724x1024.jpg\" alt=\"\" class=\"wp-image-23587\" srcset=\"https:\/\/blogs.correio24h.com.br\/mesalte\/wp-content\/uploads\/2022\/08\/IMG-20220820-WA0027-724x1024.jpg 724w, https:\/\/blogs.correio24h.com.br\/mesalte\/wp-content\/uploads\/2022\/08\/IMG-20220820-WA0027-212x300.jpg 212w, https:\/\/blogs.correio24h.com.br\/mesalte\/wp-content\/uploads\/2022\/08\/IMG-20220820-WA0027-768x1086.jpg 768w, https:\/\/blogs.correio24h.com.br\/mesalte\/wp-content\/uploads\/2022\/08\/IMG-20220820-WA0027-103x146.jpg 103w, https:\/\/blogs.correio24h.com.br\/mesalte\/wp-content\/uploads\/2022\/08\/IMG-20220820-WA0027-35x50.jpg 35w, https:\/\/blogs.correio24h.com.br\/mesalte\/wp-content\/uploads\/2022\/08\/IMG-20220820-WA0027-53x75.jpg 53w, https:\/\/blogs.correio24h.com.br\/mesalte\/wp-content\/uploads\/2022\/08\/IMG-20220820-WA0027.jpg 905w\" sizes=\"auto, (max-width: 724px) 100vw, 724px\" \/><\/figure>\n\n\n\n<p>A parada, organizada por Ludmila Almeida e Alexsandra Leite, ter\u00e1 como atra\u00e7\u00f5es a DJ Duda Baroni, Miss Salvador Gay 2022; Loma  e Rafa; Samba Ohana; A Dama; Samba Maria e dj Sasha Heels.<\/p>\n\n\n\n<p>A apresenta\u00e7\u00e3o \u00e9  de Scher Marie, Barb\u00e1rie , Rainha Loulou e Bia Mathieu.<\/p>\n","protected":false},"excerpt":{"rendered":"<p>Acontecer\u00e1 no dia 4 de setembro a d\u00e9cima edi\u00e7\u00e3o da parada LGBTQIAP+ do Sub\u00farbio de Salvador. A caminhada sair\u00e1 de Paripe ( da Pra\u00e7a Jo\u00e3o Martins) [&hellip;]<\/p>\n","protected":false},"author":1,"featured_media":0,"comment_status":"open","ping_status":"open","sticky":false,"template":"","format":"standard","meta":{"footnotes":""},"categories":[80],"tags":[],"class_list":["post-23586","post","type-post","status-publish","format-standard","hentry","category-home"],"_links":{"self":[{"href":"https:\/\/blogs.correio24horas.com.br\/mesalte\/wp-json\/wp\/v2\/posts\/23586","targetHints":{"allow":["GET"]}}],"collection":[{"href":"https:\/\/blogs.correio24horas.com.br\/mesalte\/wp-json\/wp\/v2\/posts"}],"about":[{"href":"https:\/\/blogs.correio24horas.com.br\/mesalte\/wp-json\/wp\/v2\/types\/post"}],"author":[{"embeddable":true,"href":"https:\/\/blogs.correio24horas.com.br\/mesalte\/wp-json\/wp\/v2\/users\/1"}],"replies":[{"embeddable":true,"href":"https:\/\/blogs.correio24horas.com.br\/mesalte\/wp-json\/wp\/v2\/comments?post=23586"}],"version-history":[{"count":2,"href":"https:\/\/blogs.correio24horas.com.br\/mesalte\/wp-json\/wp\/v2\/posts\/23586\/revisions"}],"predecessor-version":[{"id":23602,"href":"https:\/\/blogs.correio24horas.com.br\/mesalte\/wp-json\/wp\/v2\/posts\/23586\/revisions\/23602"}],"wp:attachment":[{"href":"https:\/\/blogs.correio24horas.com.br\/mesalte\/wp-json\/wp\/v2\/media?parent=23586"}],"wp:term":[{"taxonomy":"category","embeddable":true,"href":"https:\/\/blogs.correio24horas.com.br\/mesalte\/wp-json\/wp\/v2\/categories?post=23586"},{"taxonomy":"post_tag","embeddable":true,"href":"https:\/\/blogs.correio24horas.com.br\/mesalte\/wp-json\/wp\/v2\/tags?post=23586"}],"curies":[{"name":"wp","href":"https:\/\/api.w.org\/{rel}","templated":true}]}}