{"id":23583,"date":"2022-08-19T10:51:10","date_gmt":"2022-08-19T13:51:10","guid":{"rendered":"https:\/\/blogs.correio24horas.com.br\/mesalte\/?p=23583"},"modified":"2022-08-19T10:51:18","modified_gmt":"2022-08-19T13:51:18","slug":"o-ambiente-do-futebol-e-muito-hostil-para-um-gay-desabafa-emerson-ferretti-idolo-do-bahia","status":"publish","type":"post","link":"https:\/\/blogs.correio24horas.com.br\/mesalte\/o-ambiente-do-futebol-e-muito-hostil-para-um-gay-desabafa-emerson-ferretti-idolo-do-bahia\/","title":{"rendered":"&#8216;O ambiente do futebol \u00e9 muito hostil para um gay&#8217;, desabafa Emerson Ferretti, \u00eddolo do Bahia"},"content":{"rendered":"\n<p>\u00cddolo do Bahia e do Juventude, o ex-goleiro&nbsp;Emerson Ferretti decidiu falar sobre sua sexualidade. Aos 50 anos, ele revelou publicamente ser gay e contou como foi encarar o ambiente machista do futebol ao longo da carreira. A entrevista foi exibida no \u00faltimo epis\u00f3dio do&nbsp;podcast &#8220;Nos Arm\u00e1rios dos Vesti\u00e1rios&#8221;, produzido pelo site GE.&nbsp;<\/p>\n\n\n\n<blockquote class=\"wp-block-quote is-layout-flow wp-block-quote-is-layout-flow\"><p>&#8220;O ambiente do futebol \u00e9 muito hostil para um gay, muito mesmo. Eu fico imaginando quantos garotos desistiram de se tornar jogador de futebol por conta disso, por perceberem essa situa\u00e7\u00e3o. Quantos talentos foram perdidos? O futebol perdeu, os clubes perderam, porque o ambiente realmente n\u00e3o ajuda. Eu segui com tudo isso, mas sofri com as consequ\u00eancias de seguir, era o meu sonho. (&#8230;) Eu queria ser um jogador de futebol. Eu\u00a0conquistei isso, s\u00f3 tive que que enfrentar um outro lado que \u00e9 muito dif\u00edcil&#8221;, afirmou o ex-jogador, que tamb\u00e9m defendeu\u00a0Gr\u00eamio, Flamengo, Am\u00e9rica-RN, Am\u00e9rica-RJ, Ituano, Bragantino e Vit\u00f3ria.<\/p><\/blockquote>\n\n\n\n<p>Campe\u00e3o da Copa do Brasil com o Juventude, em 1999, e bola de prata como melhor goleiro do Campeonato Brasileiro de 2001 com a camisa do Bahia, Emerson colecionava conquistas nas quatro linhas, mas&nbsp;se deparava com preconceito dentro e fora delas.&nbsp;<\/p>\n\n\n\n<p>&#8220;N\u00e3o tive contato nenhum com o mundo gay at\u00e9 os 21 anos. E o que ouvia era o pensamento de todo mundo da fam\u00edlia que reproduzia o pensamento da \u00e9poca e do local, o Rio Grande do Sul, um estado bem machista, conservador. Falavam que ser gay era sem-vergonhice, descara\u00e7\u00e3o, uma aberra\u00e7\u00e3o. Era inferiorizado, muito relacionado \u00e0 promiscuidade. Ent\u00e3o, tudo o que era negativo, se jogava l\u00e1. Eu cresci ouvindo isso&#8221;, contou o ex-jogador, que acredita ter tido menos oportunidades do que poderia&#8221;.<\/p>\n\n\n\n<p>&#8220;Eu parei de jogar com 35 anos, fui at\u00e9 o final, joguei em v\u00e1rios clubes. Sei que a fama me prejudicou bastante. Eu poderia at\u00e9 ter tido muito mais sucesso. Poderia ter feito muito mais coisas do que fiz, ter conquistado muito mais coisas. Eu acredito que \u00e9 muito positiva (a carreira), principalmente por ter conseguido enfrentar tudo isso, ter sobrevivido at\u00e9 o final. O fato de ser gay n\u00e3o me parou, eu fui at\u00e9 o final. Mas sei de dirigentes que n\u00e3o me contrataram porque eu sou gay&#8221;, afirmou.<br><\/p>\n","protected":false},"excerpt":{"rendered":"<p>\u00cddolo do Bahia e do Juventude, o ex-goleiro&nbsp;Emerson Ferretti decidiu falar sobre sua sexualidade. Aos 50 anos, ele revelou publicamente ser gay e contou como foi [&hellip;]<\/p>\n","protected":false},"author":2,"featured_media":23584,"comment_status":"open","ping_status":"open","sticky":false,"template":"","format":"standard","meta":{"footnotes":""},"categories":[80,9],"tags":[],"class_list":["post-23583","post","type-post","status-publish","format-standard","has-post-thumbnail","hentry","category-home","category-me-orgulho"],"_links":{"self":[{"href":"https:\/\/blogs.correio24horas.com.br\/mesalte\/wp-json\/wp\/v2\/posts\/23583","targetHints":{"allow":["GET"]}}],"collection":[{"href":"https:\/\/blogs.correio24horas.com.br\/mesalte\/wp-json\/wp\/v2\/posts"}],"about":[{"href":"https:\/\/blogs.correio24horas.com.br\/mesalte\/wp-json\/wp\/v2\/types\/post"}],"author":[{"embeddable":true,"href":"https:\/\/blogs.correio24horas.com.br\/mesalte\/wp-json\/wp\/v2\/users\/2"}],"replies":[{"embeddable":true,"href":"https:\/\/blogs.correio24horas.com.br\/mesalte\/wp-json\/wp\/v2\/comments?post=23583"}],"version-history":[{"count":1,"href":"https:\/\/blogs.correio24horas.com.br\/mesalte\/wp-json\/wp\/v2\/posts\/23583\/revisions"}],"predecessor-version":[{"id":23585,"href":"https:\/\/blogs.correio24horas.com.br\/mesalte\/wp-json\/wp\/v2\/posts\/23583\/revisions\/23585"}],"wp:featuredmedia":[{"embeddable":true,"href":"https:\/\/blogs.correio24horas.com.br\/mesalte\/wp-json\/wp\/v2\/media\/23584"}],"wp:attachment":[{"href":"https:\/\/blogs.correio24horas.com.br\/mesalte\/wp-json\/wp\/v2\/media?parent=23583"}],"wp:term":[{"taxonomy":"category","embeddable":true,"href":"https:\/\/blogs.correio24horas.com.br\/mesalte\/wp-json\/wp\/v2\/categories?post=23583"},{"taxonomy":"post_tag","embeddable":true,"href":"https:\/\/blogs.correio24horas.com.br\/mesalte\/wp-json\/wp\/v2\/tags?post=23583"}],"curies":[{"name":"wp","href":"https:\/\/api.w.org\/{rel}","templated":true}]}}