{"id":23567,"date":"2022-08-09T10:27:50","date_gmt":"2022-08-09T13:27:50","guid":{"rendered":"https:\/\/blogs.correio24horas.com.br\/mesalte\/?p=23567"},"modified":"2022-08-09T10:41:05","modified_gmt":"2022-08-09T13:41:05","slug":"humorista-mineiro-apresenta-show-de-stand-up-esse-menino-ao-vivo-em-salvador","status":"publish","type":"post","link":"https:\/\/blogs.correio24horas.com.br\/mesalte\/humorista-mineiro-apresenta-show-de-stand-up-esse-menino-ao-vivo-em-salvador\/","title":{"rendered":"Humorista mineiro apresenta show de stand up, \u201cEsse Menino Ao Vivo\u201d, em Salvador"},"content":{"rendered":"\n<p>O humorista mineiro Esse Menino celebra o sucesso da turn\u00ea nacional de seu show de stand up, intitulada \u201cEsse Menino Ao Vivo\u201d. Desde que viralizou nas redes sociais com v\u00eddeo \u201cP\u00e3fizer\u201d, o artista trilha um caminho de sucesso na TV, conquistando postos como campanhas de grandes marcas, destaque na imprensa e nome citado na lista da Forbes Under 30. <\/p>\n\n\n\n<p>Esse Menino lota palcos em diversas capitais do pa\u00eds e, esta semana, promete deixar o p\u00fablico baiano \u201cpassado\u201d de tanto rir. O espet\u00e1culo de uma hora de dura\u00e7\u00e3o traz temas que transitam da pol\u00edtica ao sexo, do cotidiano \u00e0 viraliza\u00e7\u00e3o, em uma originalidade e liberdade que s\u00e3o marcas do roteirista. <\/p>\n\n\n\n<p>\u201cEstou muito feliz e animado de chegar a Salvador, realizar esse sonho e ainda, trazer a minha arte\u201d, afirma Esse Menino. Em \u00fanica apresenta\u00e7\u00e3o, a turn\u00ea ter\u00e1 como palco na pr\u00f3xima quinta-feira (11) o Teatro Jorge Amado, a partir das 21 horas. O show de abertura ser\u00e1 comandado pela humorista Babu Carreira. <\/p>\n\n\n\n<p>Esse Menino Ao Vivo<br>\nDia: 11 de agosto<br>\nHor\u00e1rio: 21h<br>\nLocal: Teatro Jorge Amado<br>\nShow de Abertura: Babu Carreira<br>\nVendas: Sympla (https:\/\/bileto.sympla.com.br\/event\/75490)<\/p>\n","protected":false},"excerpt":{"rendered":"<p>O humorista mineiro Esse Menino celebra o sucesso da turn\u00ea nacional de seu show de stand up, intitulada \u201cEsse Menino Ao Vivo\u201d. Desde que viralizou nas [&hellip;]<\/p>\n","protected":false},"author":1,"featured_media":23568,"comment_status":"open","ping_status":"open","sticky":false,"template":"","format":"standard","meta":{"footnotes":""},"categories":[80],"tags":[],"class_list":["post-23567","post","type-post","status-publish","format-standard","has-post-thumbnail","hentry","category-home"],"_links":{"self":[{"href":"https:\/\/blogs.correio24horas.com.br\/mesalte\/wp-json\/wp\/v2\/posts\/23567","targetHints":{"allow":["GET"]}}],"collection":[{"href":"https:\/\/blogs.correio24horas.com.br\/mesalte\/wp-json\/wp\/v2\/posts"}],"about":[{"href":"https:\/\/blogs.correio24horas.com.br\/mesalte\/wp-json\/wp\/v2\/types\/post"}],"author":[{"embeddable":true,"href":"https:\/\/blogs.correio24horas.com.br\/mesalte\/wp-json\/wp\/v2\/users\/1"}],"replies":[{"embeddable":true,"href":"https:\/\/blogs.correio24horas.com.br\/mesalte\/wp-json\/wp\/v2\/comments?post=23567"}],"version-history":[{"count":2,"href":"https:\/\/blogs.correio24horas.com.br\/mesalte\/wp-json\/wp\/v2\/posts\/23567\/revisions"}],"predecessor-version":[{"id":23570,"href":"https:\/\/blogs.correio24horas.com.br\/mesalte\/wp-json\/wp\/v2\/posts\/23567\/revisions\/23570"}],"wp:featuredmedia":[{"embeddable":true,"href":"https:\/\/blogs.correio24horas.com.br\/mesalte\/wp-json\/wp\/v2\/media\/23568"}],"wp:attachment":[{"href":"https:\/\/blogs.correio24horas.com.br\/mesalte\/wp-json\/wp\/v2\/media?parent=23567"}],"wp:term":[{"taxonomy":"category","embeddable":true,"href":"https:\/\/blogs.correio24horas.com.br\/mesalte\/wp-json\/wp\/v2\/categories?post=23567"},{"taxonomy":"post_tag","embeddable":true,"href":"https:\/\/blogs.correio24horas.com.br\/mesalte\/wp-json\/wp\/v2\/tags?post=23567"}],"curies":[{"name":"wp","href":"https:\/\/api.w.org\/{rel}","templated":true}]}}