{"id":23564,"date":"2022-08-03T11:49:09","date_gmt":"2022-08-03T14:49:09","guid":{"rendered":"https:\/\/blogs.correio24horas.com.br\/mesalte\/?p=23564"},"modified":"2022-08-03T11:49:21","modified_gmt":"2022-08-03T14:49:21","slug":"homem-trans-consegue-na-justica-autorizacao-para-cirurgia-de-retirada-de-mamas","status":"publish","type":"post","link":"https:\/\/blogs.correio24horas.com.br\/mesalte\/homem-trans-consegue-na-justica-autorizacao-para-cirurgia-de-retirada-de-mamas\/","title":{"rendered":"Homem trans consegue na justi\u00e7a autoriza\u00e7\u00e3o para cirurgia de retirada de mamas"},"content":{"rendered":"\n<p>\u201cDepois de passar pelo processo todo, inclusive o p\u00f3s-cir\u00fargico, vou cumprir a promessa de ir andando da minha resid\u00eancia aqui no Costa Azul at\u00e9 a Colina Sagrada do Senhor do Bonfim\u201d. O compromisso firmado com as divindades por Adriano Brasileiro, 52, est\u00e1 mais pr\u00f3ximo de ser cumprido porque o Judici\u00e1rio acatou o pedido da Defensoria P\u00fablica da Bahia-DPE\/BA e determinou que o Estado autorize e custeie a realiza\u00e7\u00e3o do procedimento de mamoplastia masculinizadora.<\/p>\n\n\n\n<p>A cirurgia, que consiste na retirada da gl\u00e2ndula mam\u00e1ria e o reposicionamento da ar\u00e9ola, \u00e9 um passo importante para muitos homens trans, pois possibilita que se sintam confort\u00e1veis com o pr\u00f3prio corpo e em conformidade com a identidade de g\u00eanero. \u201cEu tenho todas as caracter\u00edsticas masculinas. S\u00f3 as mamas que me incomodam, principalmente, quando tomo banho ou as vejo no espelho. \u00c9 uma grande disforia\u201d, descreve Adriano, que aos 47 anos iniciou o processo de transi\u00e7\u00e3o e, desde 2018, faz acompanhamento endocrinol\u00f3gico e hormonioterapia.<\/p>\n\n\n\n<p>O procedimento garantido na Justi\u00e7a \u00e9 coberto pelo Processo Transexualizador do Sistema \u00danico de Sa\u00fade (SUS). O Artigo 2 da Portaria n\u00ba 2.803 do Minist\u00e9rio da Sa\u00fade prev\u00ea a \u201cintegralidade da aten\u00e7\u00e3o a transexuais e travestis, n\u00e3o restringindo ou centralizando a meta terap\u00eautica \u00e0s cirurgias de transgenitaliza\u00e7\u00e3o e demais interven\u00e7\u00f5es som\u00e1ticas\u201d.<\/p>\n\n\n\n<p>No entanto, ap\u00f3s, sem sucesso, tentar realizar o custeio do procedimento por meio de vaquinha virtual, Adriano resolveu buscar a DPE\/BA para ajuizar uma a\u00e7\u00e3o por conta do sofrimento psicol\u00f3gico e por temer um longo tempo de espera. \u201cEu sabia que iria demorar muito. A equipe m\u00e9dica que me acompanha j\u00e1 havia me advertido que corria o risco de eu morrer e n\u00e3o realizar meu sonho porque a demanda e espera \u00e9 muito grande\u201d, conta.<\/p>\n\n\n\n<p>Na a\u00e7\u00e3o de obriga\u00e7\u00e3o de fazer formulada junto ao Judici\u00e1rio, a Defensoria da Bahia destaca que incumbe ao Estado \u201cproporcionar os meios adequados visando proteger a sa\u00fade do indiv\u00edduo, especialmente quando observa se tratar de iminente hip\u00f3tese de danos e males \u00e0 sa\u00fade\u201d. A institui\u00e7\u00e3o tamb\u00e9m ressalta que Adriano preenche os requisitos previstos pela Portaria n\u00ba 2.803 para realiza\u00e7\u00e3o da mamoplastia masculinizadora, uma vez que j\u00e1 iniciou a hormonioterapia, possui indica\u00e7\u00e3o espec\u00edfica para realiza\u00e7\u00e3o do procedimento cir\u00fargico e faz acompanhamento pr\u00e9vio h\u00e1 mais de 02 anos por equipe multiprofissional.<\/p>\n\n\n\n<p>Em decis\u00e3o liminar proferida no \u00faltimo dia 12 de julho, o Judici\u00e1rio determina que o Estado autorize e custeie a realiza\u00e7\u00e3o do procedimento em hospital ou cl\u00ednica do SUS, ou, n\u00e3o existindo credenciamento, na rede particular nas vagas destinadas ao Sistema \u00danico de Sa\u00fade. A decis\u00e3o \u00e9 amparada por parecer do N\u00facleo de Apoio T\u00e9cnico do Poder Judici\u00e1rio (NATJUS\/TJBA), defendendo que, embora o tratamento seja eletivo, \u201cdiante do sofrimento psicol\u00f3gico e impacto negativo na qualidade de vida decorrentes da insatisfa\u00e7\u00e3o com a imagem corporal, n\u00e3o conv\u00e9m aguardar o t\u00e9rmino da instru\u00e7\u00e3o processual para a an\u00e1lise do pleito antecipat\u00f3rio\u201d.<\/p>\n\n\n\n<p>Para o defensor p\u00fablico C\u00e9sar Ulisses da Costa, que assina a a\u00e7\u00e3o de obriga\u00e7\u00e3o de fazer ajuizada para garantir o direito de Adriano, a decis\u00e3o \u00e9 de extrema import\u00e2ncia n\u00e3o s\u00f3 para o assistido. \u201cEla abre caminho para outras tantas decis\u00f5es que venham a beneficiar o p\u00fablico trans assistido pela Defensoria P\u00fablica em situa\u00e7\u00f5es como essa\u201d, argumenta. \u201cOutro ganho com a liminar \u00e9, exatamente, compelir o Estado (seja Uni\u00e3o, Estados ou Munic\u00edpios) ao cumprimento na Portaria de n\u00b0. 2803\/2013, que trata do Processo Transexualizador no SUS\u201d, completa o defensor p\u00fablico.<\/p>\n\n\n\n<p>\u201cRealizar esse sonho [de fazer a mamoplastia] \u00e9 a liberdade total. Essa causa ganha \u00e9 uma vit\u00f3ria n\u00e3o s\u00f3 para mim, mas para todos os outros garotos trans que, muitas vezes, n\u00e3o tem nem condi\u00e7\u00f5es de pagar os horm\u00f4nios, que s\u00e3o caros\u201d, comemora Adriano.<\/p>\n","protected":false},"excerpt":{"rendered":"<p>\u201cDepois de passar pelo processo todo, inclusive o p\u00f3s-cir\u00fargico, vou cumprir a promessa de ir andando da minha resid\u00eancia aqui no Costa Azul at\u00e9 a Colina [&hellip;]<\/p>\n","protected":false},"author":2,"featured_media":23565,"comment_status":"open","ping_status":"open","sticky":false,"template":"","format":"standard","meta":{"footnotes":""},"categories":[80,24],"tags":[],"class_list":["post-23564","post","type-post","status-publish","format-standard","has-post-thumbnail","hentry","category-home","category-me-cuido"],"_links":{"self":[{"href":"https:\/\/blogs.correio24horas.com.br\/mesalte\/wp-json\/wp\/v2\/posts\/23564","targetHints":{"allow":["GET"]}}],"collection":[{"href":"https:\/\/blogs.correio24horas.com.br\/mesalte\/wp-json\/wp\/v2\/posts"}],"about":[{"href":"https:\/\/blogs.correio24horas.com.br\/mesalte\/wp-json\/wp\/v2\/types\/post"}],"author":[{"embeddable":true,"href":"https:\/\/blogs.correio24horas.com.br\/mesalte\/wp-json\/wp\/v2\/users\/2"}],"replies":[{"embeddable":true,"href":"https:\/\/blogs.correio24horas.com.br\/mesalte\/wp-json\/wp\/v2\/comments?post=23564"}],"version-history":[{"count":1,"href":"https:\/\/blogs.correio24horas.com.br\/mesalte\/wp-json\/wp\/v2\/posts\/23564\/revisions"}],"predecessor-version":[{"id":23566,"href":"https:\/\/blogs.correio24horas.com.br\/mesalte\/wp-json\/wp\/v2\/posts\/23564\/revisions\/23566"}],"wp:featuredmedia":[{"embeddable":true,"href":"https:\/\/blogs.correio24horas.com.br\/mesalte\/wp-json\/wp\/v2\/media\/23565"}],"wp:attachment":[{"href":"https:\/\/blogs.correio24horas.com.br\/mesalte\/wp-json\/wp\/v2\/media?parent=23564"}],"wp:term":[{"taxonomy":"category","embeddable":true,"href":"https:\/\/blogs.correio24horas.com.br\/mesalte\/wp-json\/wp\/v2\/categories?post=23564"},{"taxonomy":"post_tag","embeddable":true,"href":"https:\/\/blogs.correio24horas.com.br\/mesalte\/wp-json\/wp\/v2\/tags?post=23564"}],"curies":[{"name":"wp","href":"https:\/\/api.w.org\/{rel}","templated":true}]}}