{"id":23555,"date":"2022-07-28T14:58:52","date_gmt":"2022-07-28T17:58:52","guid":{"rendered":"https:\/\/blogs.correio24horas.com.br\/mesalte\/?p=23555"},"modified":"2022-07-28T14:58:55","modified_gmt":"2022-07-28T17:58:55","slug":"espetaculo-das-coisa-dessa-vida-no-rio-vermelho","status":"publish","type":"post","link":"https:\/\/blogs.correio24horas.com.br\/mesalte\/espetaculo-das-coisa-dessa-vida-no-rio-vermelho\/","title":{"rendered":"Espet\u00e1culo &#8220;Das &#8216;coisa&#8217; dessa vida \u2026&#8221; no Rio Vermelho"},"content":{"rendered":"\n<p>Ricardo Fagundes em cartaz com o solo &#8220;Das &#8216;coisa&#8217; dessa vida \u2026&#8221; no Teatro Sesi Rio Vermelho.&nbsp;Com dire\u00e7\u00e3o de Jo\u00e3o Miguel, espet\u00e1culo retorna ap\u00f3s premia\u00e7\u00e3o e apresenta\u00e7\u00f5es em Salvador, interior da Bahia, Cear\u00e1, Pernambuco e S\u00e3o Paulo em temporada aos&nbsp;s\u00e1bados e domingos, de 06 a 21 de agosto, \u00e0s 20h, com classifica\u00e7\u00e3o de 12 anos.<\/p>\n\n\n\n<p>Para viver e friccionar escreviv\u00eancias queer de um corpo estigmatizado, que desvia da normalidade, o ator Ricardo Fagundes &#8211; respons\u00e1vel pela concep\u00e7\u00e3o e idealiza\u00e7\u00e3o do espet\u00e1culo &#8211; conta com a dire\u00e7\u00e3o primorosa de Jo\u00e3o Miguel e texto de Gildon Oliveira. Estreado em 2019, o espet\u00e1culo recebeu tr\u00eas indica\u00e7\u00f5es ao Pr\u00eamio Braskem de Teatro 2019 &#8211; Dire\u00e7\u00e3o, Texto e Ator. Pela atua\u00e7\u00e3o, Ricardo Fagundes ganhou o Pr\u00eamio Braskem de Teatro 2019 \u2013 categoria Ator. Vale pontuar que, Fagundes em 2022 comemora 25 anos de carreira.<\/p>\n\n\n\n<p>Em cena, Nalde compartilha com o p\u00fablico suas hist\u00f3rias enquanto se arruma para uma performance, preparada para o \u00eddolo, que a qualquer momento pode chegar. Vinde do Brasil profundo e com sonhos, Nalde sofreu muitas repress\u00f5es e tentou se enquadrar nas regras sociais para n\u00e3o sofrer, at\u00e9 que um dia, percebe que n\u00e3o nasceu para agradar os outros, ent\u00e3o decide viver a vida que sempre desejou.<\/p>\n\n\n\n<p><strong>Servi\u00e7o<br><\/strong><\/p>\n\n\n\n<p>&#8220;Das &#8216;coisa&#8217; dessa vida \u2026&#8221;, solo com Ricardo Fagundes, dire\u00e7\u00e3o Jo\u00e3o Miguel e texto de Gildon Oliveira<br>Onde: Teatro Sesi do Rio Vermelho<br>Quando &#8211; 06, 07, 13, 14, 20 e 21 de agosto de 2022, \u00e0s 20h<br>Ingressos &#8211; R$ 30 (inteira) e R$ 15 (meia) &#8211; venda pelo Sympla e Bilheteria do Teatro<br>Mais informa\u00e7\u00f5es: (71) 3116-7064<\/p>\n","protected":false},"excerpt":{"rendered":"<p>Ricardo Fagundes em cartaz com o solo &#8220;Das &#8216;coisa&#8217; dessa vida \u2026&#8221; no Teatro Sesi Rio Vermelho.&nbsp;Com dire\u00e7\u00e3o de Jo\u00e3o Miguel, espet\u00e1culo retorna ap\u00f3s premia\u00e7\u00e3o e [&hellip;]<\/p>\n","protected":false},"author":1,"featured_media":23556,"comment_status":"open","ping_status":"open","sticky":false,"template":"","format":"standard","meta":{"footnotes":""},"categories":[80,16],"tags":[2297,199,2273,2271,2272,2275,566,2276,2277,2293,2284,2290,2278,2279,2282,2280,2304,2294,2281,2270,2283,2295,2285,2296,2298,2291,170,2274,2289,2288,2287,2286,2292],"class_list":["post-23555","post","type-post","status-publish","format-standard","has-post-thumbnail","hentry","category-home","category-me-jogo","tag-24hourssalvador","tag-bahia","tag-boasdofimdesemana","tag-boasdofind","tag-boasdofindsalvador","tag-capitaldoverao","tag-carnaval","tag-cidadedaalegria","tag-cidadedamusica","tag-culturaltrip","tag-curtasalvador","tag-eventossalvador","tag-experienciasalvador","tag-experienciassa","tag-experimentesalvador","tag-experimentessa","tag-lugaresparaconheceremsalvador","tag-melhoreslugaresdesalvador","tag-mezclate","tag-misitup","tag-misturese","tag-ondecomeremsalvador","tag-oquefazeremsalvador","tag-oquevisitaremsalvador","tag-passeiosemsalvador","tag-programacaosalvadorhoje","tag-salvador","tag-salvadordabahia","tag-ssa","tag-vcsentequeediferente","tag-visit","tag-visitesalvadordabahia","tag-wanderlust"],"_links":{"self":[{"href":"https:\/\/blogs.correio24horas.com.br\/mesalte\/wp-json\/wp\/v2\/posts\/23555","targetHints":{"allow":["GET"]}}],"collection":[{"href":"https:\/\/blogs.correio24horas.com.br\/mesalte\/wp-json\/wp\/v2\/posts"}],"about":[{"href":"https:\/\/blogs.correio24horas.com.br\/mesalte\/wp-json\/wp\/v2\/types\/post"}],"author":[{"embeddable":true,"href":"https:\/\/blogs.correio24horas.com.br\/mesalte\/wp-json\/wp\/v2\/users\/1"}],"replies":[{"embeddable":true,"href":"https:\/\/blogs.correio24horas.com.br\/mesalte\/wp-json\/wp\/v2\/comments?post=23555"}],"version-history":[{"count":1,"href":"https:\/\/blogs.correio24horas.com.br\/mesalte\/wp-json\/wp\/v2\/posts\/23555\/revisions"}],"predecessor-version":[{"id":23557,"href":"https:\/\/blogs.correio24horas.com.br\/mesalte\/wp-json\/wp\/v2\/posts\/23555\/revisions\/23557"}],"wp:featuredmedia":[{"embeddable":true,"href":"https:\/\/blogs.correio24horas.com.br\/mesalte\/wp-json\/wp\/v2\/media\/23556"}],"wp:attachment":[{"href":"https:\/\/blogs.correio24horas.com.br\/mesalte\/wp-json\/wp\/v2\/media?parent=23555"}],"wp:term":[{"taxonomy":"category","embeddable":true,"href":"https:\/\/blogs.correio24horas.com.br\/mesalte\/wp-json\/wp\/v2\/categories?post=23555"},{"taxonomy":"post_tag","embeddable":true,"href":"https:\/\/blogs.correio24horas.com.br\/mesalte\/wp-json\/wp\/v2\/tags?post=23555"}],"curies":[{"name":"wp","href":"https:\/\/api.w.org\/{rel}","templated":true}]}}