{"id":23536,"date":"2022-07-19T14:12:14","date_gmt":"2022-07-19T17:12:14","guid":{"rendered":"https:\/\/blogs.correio24horas.com.br\/mesalte\/?p=23536"},"modified":"2022-07-19T14:12:27","modified_gmt":"2022-07-19T17:12:27","slug":"coletivo-cenico-convoca-homens-gays-para-discutirem-seus-direitos-no-corre-pra-sentir","status":"publish","type":"post","link":"https:\/\/blogs.correio24horas.com.br\/mesalte\/coletivo-cenico-convoca-homens-gays-para-discutirem-seus-direitos-no-corre-pra-sentir\/","title":{"rendered":"Coletivo c\u00eanico convoca homens gays para discutirem seus direitos no &#8216;Corre pra sentir&#8217;"},"content":{"rendered":"\n<p>Ao pensar nos direitos universais que todas as pessoas devem ter direito, segundo a Constitui\u00e7\u00e3o, o CORRE Coletivo C\u00eanico apresenta a segunda temporada de encontros de afetos de homens gays CORRE PRA SENTIR, a ser realizado quinzenalmente a partir de 21 de julho at\u00e9 29 de outubro, em locais que transversalizam hist\u00f3rias e discursos com as tem\u00e1ticas de direito \u00e0 vida, ao amor e liberdade de express\u00e3o, \u00e0 fam\u00edlia, \u00e0 sa\u00fade, \u00e0 moradia e dignidade, \u00e0 f\u00e9, \u00e0 educa\u00e7\u00e3o e cultura, por fim, \u00e0 seguran\u00e7a e justi\u00e7a.<\/p>\n\n\n\n<p>O Corre pra sentir s\u00e3o rodas de conversas que decorrem de pr\u00e1ticas corporais e jogos teatrais utilizados como disparadores de mem\u00f3rias para trocas de afetos e hist\u00f3rias de vida. &#8220;\u00c9 um espa\u00e7o de acolhimento, para se conhecer e se reconhecer a partir da hist\u00f3ria do outro&#8221;, explica o integrante do CORRE, Rafael Brito &#8211; multiartista e comunic\u00f3logo. <\/p>\n\n\n\n<p>Para participar dos encontros a \u00fanica exig\u00eancia \u00e9 que seja Homem Gay (Cis ou Trans). As datas com respectivas tem\u00e1ticas e espa\u00e7os de realiza\u00e7\u00e3o podem ser consultados no perfil do instagram do coletivo @corre_ba. Vale pontuar que, nesta temporada, os encontros contar\u00e3o com convidados gays que ir\u00e3o expor de forma mais diretiva os direitos supracitados, assim como, ir\u00e3o partilhar tamb\u00e9m suas hist\u00f3rias.<\/p>\n\n\n\n<p>Pesquisa em grupo<br>\nO CORRE Coletivo C\u00eanico &#8211; integrado pelos multiartistas Anderson Danttas, Igor Nascimento, Marcus Lobo, Luiz Ant\u00f4nio Sena Jr e Rafael Brito &#8211; desde 2019 tem mergulhado nos impactos da masculinidade na constru\u00e7\u00e3o identit\u00e1ria do homem gay. Com seus processos presenciais interrompidos devido \u00e0 primeira onda do coronav\u00edrus, em mar\u00e7o de 2021, o grupo traz sua pesquisa para o campo digital e apresenta v\u00eddeos-performances sobre corpos em isolamento e apresenta seu primeiro experimento c\u00eanico Delivery da Gente (maio a setembro de 2021). <\/p>\n\n\n\n<p>O isolamento e toda crise socioecon\u00f4mica causada pelo COVID-19, que tem impactado diretamente na sobreviv\u00eancia de pessoas LGBTQIA+, fez o grupo encontrar uma interseccionalidade com a epidemia do HIV\/AIDS no Brasil, reverberando na cria\u00e7\u00e3o do espet\u00e1culo PARA-\u00cdSO &#8211; montagem online com 08 epis\u00f3dios, que se utiliza destes dois v\u00edrus para abordar preconceitos sociais que afetam corpos gays. Indicada ao Pr\u00eamio Braskem de Teatro em 03 categorias, venceu como Melhor Dire\u00e7\u00e3o para Luiz Ant\u00f4nio Sena Jr. Desdobrando ainda desta obra, surge o Conversas pro PARA-\u00cdSO, uma sequ\u00eancia de bate-papos de viv\u00eancias soropositivas que pode ser acessada nas redes sociais do coletivo. <\/p>\n\n\n\n<p>Encontros &#8211; Programa\u00e7\u00e3o (sujeita \u00e0 altera\u00e7\u00e3o)<br>\n23 de julho &#8211; Direito ao amor e a liberdade de express\u00e3o &#8211; &#8220;At\u00e9 quando v\u00e3o nos dizer como amar?&#8221;<br>\n04 de agosto &#8211; Direto \u00e0 vida &#8211; &#8220;Existir ou Re-existir ?&#8221;<br>\n18 de agosto &#8211; Direito \u00e0 fam\u00edlia &#8211; &#8220;Quem te d\u00e1 colo?&#8221;<br>\n01 de setembro &#8211; Direito \u00e0 F\u00e9 &#8211; &#8220;Quem \u00e9 voc\u00ea no jogo da f\u00e9?&#8221;<br>\n17 de setembro &#8211; Direito \u00e0 sa\u00fade &#8211; &#8220;Como voc\u00ea se cuida?&#8221;<br>\n29 de setembro &#8211; Direito \u00e0 moradia e dignidade &#8211; &#8220;Onde voc\u00ea se faz morada?&#8221;<br>\n13 de outubro &#8211; Direito \u00e0 seguran\u00e7a e justi\u00e7a &#8211; &#8220;Quem segura sua m\u00e3o?&#8221;<br>\n29 de outubro &#8211; Direito \u00e0 educa\u00e7\u00e3o e cultura &#8211; &#8220;Conhecimento \u00e9 poder?&#8221;<\/p>\n","protected":false},"excerpt":{"rendered":"<p>Ao pensar nos direitos universais que todas as pessoas devem ter direito, segundo a Constitui\u00e7\u00e3o, o CORRE Coletivo C\u00eanico apresenta a segunda temporada de encontros de [&hellip;]<\/p>\n","protected":false},"author":2,"featured_media":23539,"comment_status":"open","ping_status":"open","sticky":false,"template":"","format":"standard","meta":{"footnotes":""},"categories":[80,16],"tags":[],"class_list":["post-23536","post","type-post","status-publish","format-standard","has-post-thumbnail","hentry","category-home","category-me-jogo"],"_links":{"self":[{"href":"https:\/\/blogs.correio24horas.com.br\/mesalte\/wp-json\/wp\/v2\/posts\/23536","targetHints":{"allow":["GET"]}}],"collection":[{"href":"https:\/\/blogs.correio24horas.com.br\/mesalte\/wp-json\/wp\/v2\/posts"}],"about":[{"href":"https:\/\/blogs.correio24horas.com.br\/mesalte\/wp-json\/wp\/v2\/types\/post"}],"author":[{"embeddable":true,"href":"https:\/\/blogs.correio24horas.com.br\/mesalte\/wp-json\/wp\/v2\/users\/2"}],"replies":[{"embeddable":true,"href":"https:\/\/blogs.correio24horas.com.br\/mesalte\/wp-json\/wp\/v2\/comments?post=23536"}],"version-history":[{"count":3,"href":"https:\/\/blogs.correio24horas.com.br\/mesalte\/wp-json\/wp\/v2\/posts\/23536\/revisions"}],"predecessor-version":[{"id":23540,"href":"https:\/\/blogs.correio24horas.com.br\/mesalte\/wp-json\/wp\/v2\/posts\/23536\/revisions\/23540"}],"wp:featuredmedia":[{"embeddable":true,"href":"https:\/\/blogs.correio24horas.com.br\/mesalte\/wp-json\/wp\/v2\/media\/23539"}],"wp:attachment":[{"href":"https:\/\/blogs.correio24horas.com.br\/mesalte\/wp-json\/wp\/v2\/media?parent=23536"}],"wp:term":[{"taxonomy":"category","embeddable":true,"href":"https:\/\/blogs.correio24horas.com.br\/mesalte\/wp-json\/wp\/v2\/categories?post=23536"},{"taxonomy":"post_tag","embeddable":true,"href":"https:\/\/blogs.correio24horas.com.br\/mesalte\/wp-json\/wp\/v2\/tags?post=23536"}],"curies":[{"name":"wp","href":"https:\/\/api.w.org\/{rel}","templated":true}]}}