{"id":23530,"date":"2022-07-13T10:29:31","date_gmt":"2022-07-13T13:29:31","guid":{"rendered":"https:\/\/blogs.correio24horas.com.br\/mesalte\/?p=23530"},"modified":"2022-07-13T10:29:43","modified_gmt":"2022-07-13T13:29:43","slug":"casa-4-celebra-aniversario-com-espetaculos-cenicos-de-danca-de-salao-para-publico-lgbtqia-em-salvador","status":"publish","type":"post","link":"https:\/\/blogs.correio24horas.com.br\/mesalte\/casa-4-celebra-aniversario-com-espetaculos-cenicos-de-danca-de-salao-para-publico-lgbtqia-em-salvador\/","title":{"rendered":"Casa 4 celebra anivers\u00e1rio com espet\u00e1culos c\u00eanicos de dan\u00e7a de sal\u00e3o para p\u00fablico LGBTQIA+ em Salvador"},"content":{"rendered":"\n<p>Pioneiros em trabalhos c\u00eanicos de dan\u00e7a de sal\u00e3o para p\u00fablico LGBTQIA+, o coletivo Casa 4 comemora cinco anos de atua\u00e7\u00e3o apresentando dois espet\u00e1culos em Salvador. Sal\u00e3o, de 2017, e Me Brega, Baile!, montado pela primeira vez em 2019, ser\u00e3o apresentados nos dias 15 e 16 de julho, no Teatro SESC do Pelourinho, a partir das 19h. <\/p>\n\n\n\n<p>Os ingressos custam R$40 (inteira) &#8211; \u00e0 venda na bilheteria do teatro &#8211; e d\u00e3o acesso aos dois projetos. O coletivo, formado por Marcelo Galv\u00e3o, fundador, Alisson George, co-fundador, Matheus Assis, Carlos Henrique Ara\u00fajo e Leandro de Oliveira &#8211; diretor dos espet\u00e1culos &#8211; nasceu a partir das experi\u00eancias de homens gays em dan\u00e7a de sal\u00e3o, que se uniram para compartilhar hist\u00f3rias vividas nestes ambientes. <\/p>\n\n\n\n<p>Sal\u00e3o \u00e9 um espet\u00e1culo que traz relatos de viol\u00eancias vividas por cada um de seus integrantes em ambientes de dan\u00e7as de sal\u00e3o. Me Brega, Baile! surge a partir de desejos de dan\u00e7ar a dois e questionar a restri\u00e7\u00e3o de exibi\u00e7\u00e3o de afeto entre dois homens. <\/p>\n\n\n\n<p>\u201cJ\u00e1 ouvimos que Sal\u00e3o \u00e9 um \u2018espet\u00e1culo rapadura\u2019: traz uma dura realidade, mas de uma maneira am\u00e1vel. \u00c9 um espet\u00e1culo de f\u00e1cil leitura do seu contexto\u201d, conta o fundador do grupo, Marcelo Galv\u00e3o, que tamb\u00e9m \u00e9 dan\u00e7arino. Sobre Me brega, Baile!, o co-fundador Alisson George conta que h\u00e1 a intera\u00e7\u00e3o com o p\u00fablico, convidado a dan\u00e7ar junto: \u201cO espet\u00e1culo se constituiu como um ambiente brega e cheio de amor para todas as pessoas que quiserem participar e dan\u00e7ar conosco\u201d.<\/p>\n\n\n\n<p>O Casa 4 vem despontando no cen\u00e1rio nacional por seu car\u00e1ter pioneiro e inovador de promover dan\u00e7a de sal\u00e3o para o p\u00fablico LGBTQIA+, criando uma grande rede profissional e de afetos durante sua trajet\u00f3ria. <\/p>\n\n\n\n<p>J\u00e1 participou do Festival Mova-se (AM), Festival Internacional de Dan\u00e7a do Recife (PE), Encontro Contempor\u00e2neo de Dan\u00e7a de Sal\u00e3o (SP), Congresso Contempor\u00e2neo de Dan\u00e7a de Sal\u00e3o (BH) e o Palco Girat\u00f3rio, que promoveu o espet\u00e1culo e outras a\u00e7\u00f5es, como oficinas, em v\u00e1rios estados brasileiros. <\/p>\n\n\n\n<p>\u201cSomos o primeiro coletivo a pensar a dan\u00e7a de sal\u00e3o de maneira contempor\u00e2nea e questionando quest\u00f5es de misoginia, machismo, homofobia, entre outras frequentemente vistas nestes ambientes de dan\u00e7as em pares\u201d, defende Marcelo.<\/p>\n","protected":false},"excerpt":{"rendered":"<p>Pioneiros em trabalhos c\u00eanicos de dan\u00e7a de sal\u00e3o para p\u00fablico LGBTQIA+, o coletivo Casa 4 comemora cinco anos de atua\u00e7\u00e3o apresentando dois espet\u00e1culos em Salvador. Sal\u00e3o, [&hellip;]<\/p>\n","protected":false},"author":2,"featured_media":23531,"comment_status":"open","ping_status":"open","sticky":false,"template":"","format":"standard","meta":{"footnotes":""},"categories":[80,16],"tags":[],"class_list":["post-23530","post","type-post","status-publish","format-standard","has-post-thumbnail","hentry","category-home","category-me-jogo"],"_links":{"self":[{"href":"https:\/\/blogs.correio24horas.com.br\/mesalte\/wp-json\/wp\/v2\/posts\/23530","targetHints":{"allow":["GET"]}}],"collection":[{"href":"https:\/\/blogs.correio24horas.com.br\/mesalte\/wp-json\/wp\/v2\/posts"}],"about":[{"href":"https:\/\/blogs.correio24horas.com.br\/mesalte\/wp-json\/wp\/v2\/types\/post"}],"author":[{"embeddable":true,"href":"https:\/\/blogs.correio24horas.com.br\/mesalte\/wp-json\/wp\/v2\/users\/2"}],"replies":[{"embeddable":true,"href":"https:\/\/blogs.correio24horas.com.br\/mesalte\/wp-json\/wp\/v2\/comments?post=23530"}],"version-history":[{"count":1,"href":"https:\/\/blogs.correio24horas.com.br\/mesalte\/wp-json\/wp\/v2\/posts\/23530\/revisions"}],"predecessor-version":[{"id":23532,"href":"https:\/\/blogs.correio24horas.com.br\/mesalte\/wp-json\/wp\/v2\/posts\/23530\/revisions\/23532"}],"wp:featuredmedia":[{"embeddable":true,"href":"https:\/\/blogs.correio24horas.com.br\/mesalte\/wp-json\/wp\/v2\/media\/23531"}],"wp:attachment":[{"href":"https:\/\/blogs.correio24horas.com.br\/mesalte\/wp-json\/wp\/v2\/media?parent=23530"}],"wp:term":[{"taxonomy":"category","embeddable":true,"href":"https:\/\/blogs.correio24horas.com.br\/mesalte\/wp-json\/wp\/v2\/categories?post=23530"},{"taxonomy":"post_tag","embeddable":true,"href":"https:\/\/blogs.correio24horas.com.br\/mesalte\/wp-json\/wp\/v2\/tags?post=23530"}],"curies":[{"name":"wp","href":"https:\/\/api.w.org\/{rel}","templated":true}]}}