{"id":23522,"date":"2022-07-01T20:14:18","date_gmt":"2022-07-01T23:14:18","guid":{"rendered":"https:\/\/blogs.correio24horas.com.br\/mesalte\/?p=23522"},"modified":"2022-07-01T20:14:29","modified_gmt":"2022-07-01T23:14:29","slug":"livro-sobre-religiao-e-indecencia-sera-lancado-em-salvador","status":"publish","type":"post","link":"https:\/\/blogs.correio24horas.com.br\/mesalte\/livro-sobre-religiao-e-indecencia-sera-lancado-em-salvador\/","title":{"rendered":"Livro sobre religi\u00e3o e indec\u00eancia ser\u00e1 lan\u00e7ado em Salvador"},"content":{"rendered":"\n<p>Como pensar a ideia de indec\u00eancia e a religi\u00e3o? O que seria uma teologia queer e LGBT latino-americana? O que s\u00e3o e como trabalham as igrejas crist\u00e3s inclusivas?<\/p>\n\n\n\n<p> Essas ser\u00e3o algumas quest\u00f5es que ser\u00e3o abordadas em uma roda de conversa e apresenta\u00e7\u00e3o do livro Religi\u00e3o e indec\u00eancia &#8211; di\u00e1logos com Marcella Althaus-Reid (editora Metanoia), com a participa\u00e7\u00e3o de Andr\u00e9 Musskopf e Ana Ester P\u00e1dua Freire, organizador e organizadora da obra. A atividade ir\u00e1 ocorrer no dia 8 de julho, \u00e0s 15h, no Casar\u00e3o da Diversidade (Rua do Tijolo, n\u00famero 8, Centro, Salvador).<\/p>\n\n\n\n<p>Andr\u00e9 e Ana Ester possuem longa trajet\u00f3ria nos estudos das complexas rela\u00e7\u00f5es entre religi\u00f5es crist\u00e3s e a diversidade sexual e de g\u00eanero. Andr\u00e9 \u00e9 doutor em Teologia, professor da Universidade Federal de Juiz de Fora e autor do livro Via(da)gens teol\u00f3gicas \u2013 itiner\u00e1rios para uma teologia queer no Brasil, lan\u00e7ado em 2012. Ana Ester \u00e9 doutora em Ci\u00eancias da Religi\u00e3o e integrante da Junta Diretiva da Global Interfaith Network for People of All Sexes, Sexual Orientations, Gender Identities and Expressions (GIN-SSOGIE).<\/p>\n\n\n\n<p>O novo livro a ser lan\u00e7ado em Salvador \u00e9 composto por um conjunto de artigos escritos por estudantes de p\u00f3s-gradua\u00e7\u00e3o em di\u00e1logo com a obra de Marcella Althaus-Reid e que oferecem diferentes possibilidades de aplica\u00e7\u00e3o do conceito de indec\u00eancia nos estudos sobre religi\u00e3o. <\/p>\n\n\n\n<p>\u201cMarcella Althaus-Reid \u00e9, reconhecidamente, a principal articuladora da Teologia Queer e dos Estudos P\u00f3s-coloniais e sua proposta teol\u00f3gica queer \u00e9 &#8220;indecentemente&#8221; latino-americana\u201d, destaca Andr\u00e9 Musskopf. Na roda de conversa, al\u00e9m de apresentarem os livros e as tem\u00e1ticas abordadas, Ana e Andr\u00e9 tamb\u00e9m discutir\u00e3o aspectos mais amplos da obra da te\u00f3loga argentina e compartilhar\u00e3o suas pr\u00f3prias pesquisas e como t\u00eam aplicado suas ideias e propostas. <\/p>\n\n\n\n<p>A atividade \u00e9 fruto de uma parceria entre o N\u00facleo de Pesquisa em Culturas, G\u00eaneros e Sexualidades (NuCuS) e do Grupo de Pesquisa Cultura, Pol\u00edtica, L\u00f3gicas Identit\u00e1rias e Produtivas, ambos do Instituto de Humanidades, Artes e Ci\u00eancias Professor Milton Santos, da Universidade Federal da Bahia, e o Casar\u00e3o da Diversidade. O livro ser\u00e1 comercializado no lan\u00e7amento com o pre\u00e7o promocional de R$ 25. A atividade \u00e9 aberta e gratuita.<\/p>\n","protected":false},"excerpt":{"rendered":"<p>Como pensar a ideia de indec\u00eancia e a religi\u00e3o? O que seria uma teologia queer e LGBT latino-americana? O que s\u00e3o e como trabalham as igrejas [&hellip;]<\/p>\n","protected":false},"author":2,"featured_media":0,"comment_status":"open","ping_status":"open","sticky":false,"template":"","format":"standard","meta":{"footnotes":""},"categories":[80,16],"tags":[],"class_list":["post-23522","post","type-post","status-publish","format-standard","hentry","category-home","category-me-jogo"],"_links":{"self":[{"href":"https:\/\/blogs.correio24horas.com.br\/mesalte\/wp-json\/wp\/v2\/posts\/23522","targetHints":{"allow":["GET"]}}],"collection":[{"href":"https:\/\/blogs.correio24horas.com.br\/mesalte\/wp-json\/wp\/v2\/posts"}],"about":[{"href":"https:\/\/blogs.correio24horas.com.br\/mesalte\/wp-json\/wp\/v2\/types\/post"}],"author":[{"embeddable":true,"href":"https:\/\/blogs.correio24horas.com.br\/mesalte\/wp-json\/wp\/v2\/users\/2"}],"replies":[{"embeddable":true,"href":"https:\/\/blogs.correio24horas.com.br\/mesalte\/wp-json\/wp\/v2\/comments?post=23522"}],"version-history":[{"count":1,"href":"https:\/\/blogs.correio24horas.com.br\/mesalte\/wp-json\/wp\/v2\/posts\/23522\/revisions"}],"predecessor-version":[{"id":23523,"href":"https:\/\/blogs.correio24horas.com.br\/mesalte\/wp-json\/wp\/v2\/posts\/23522\/revisions\/23523"}],"wp:attachment":[{"href":"https:\/\/blogs.correio24horas.com.br\/mesalte\/wp-json\/wp\/v2\/media?parent=23522"}],"wp:term":[{"taxonomy":"category","embeddable":true,"href":"https:\/\/blogs.correio24horas.com.br\/mesalte\/wp-json\/wp\/v2\/categories?post=23522"},{"taxonomy":"post_tag","embeddable":true,"href":"https:\/\/blogs.correio24horas.com.br\/mesalte\/wp-json\/wp\/v2\/tags?post=23522"}],"curies":[{"name":"wp","href":"https:\/\/api.w.org\/{rel}","templated":true}]}}