{"id":23507,"date":"2022-06-28T09:20:09","date_gmt":"2022-06-28T12:20:09","guid":{"rendered":"https:\/\/blogs.correio24horas.com.br\/mesalte\/?p=23507"},"modified":"2022-06-28T09:20:34","modified_gmt":"2022-06-28T12:20:34","slug":"monumentos-de-salvador-terao-iluminacao-especial-para-celebrar-orgulho-lgbtqia","status":"publish","type":"post","link":"https:\/\/blogs.correio24horas.com.br\/mesalte\/monumentos-de-salvador-terao-iluminacao-especial-para-celebrar-orgulho-lgbtqia\/","title":{"rendered":"Monumentos de Salvador ter\u00e3o ilumina\u00e7\u00e3o especial para celebrar orgulho LGBTQIA+"},"content":{"rendered":"\n<p>A Secretaria Municipal de Repara\u00e7\u00e3o (Semur), por meio do Centro Municipal de Refer\u00eancia LGBT+ Vida Bruno, celebra de forma especial o Dia Internacional do Orgulho LGBT+ nesta ter\u00e7a-feira (28). <\/p>\n\n\n\n<p>Nesta data, ser\u00e3o iluminados com as cores do arco-\u00edris pontos tur\u00edsticos da cidade, como a Fonte da Pra\u00e7a da S\u00e9, o Farol da Barra e a Pra\u00e7a 2 de Julho, no Campo Grande. Um ato est\u00e1 previsto para acontecer em frente ao Farol, \u00e0s 18h.<\/p>\n\n\n\n<p>As proje\u00e7\u00f5es da ilumina\u00e7\u00e3o c\u00eanica especial ficar\u00e3o diariamente acesas das 18h \u00e0s 6h em todos os cart\u00f5es postais at\u00e9 a pr\u00f3xima quinta-feira (30). <\/p>\n\n\n\n<p>\u201cA a\u00e7\u00e3o de ilumina\u00e7\u00e3o c\u00eanica de monumentos tradicionais \u00e9 muito importante para mostrar o compromisso da Prefeitura com esta comunidade. Dessa forma, um n\u00famero maior de pessoas poder\u00e1 ter acesso a esta homenagem\u201d, afirmou Marcelo Cerqueira, coordenador do Centro Municipal LGBT+ Vida Bruno e presidente do Grupo Gay da Bahia. <\/p>\n\n\n\n<p>\n\nFoto: Jefferson Peixoto\/Secom\n\n<\/p>\n","protected":false},"excerpt":{"rendered":"<p>A Secretaria Municipal de Repara\u00e7\u00e3o (Semur), por meio do Centro Municipal de Refer\u00eancia LGBT+ Vida Bruno, celebra de forma especial o Dia Internacional do Orgulho LGBT+ [&hellip;]<\/p>\n","protected":false},"author":1,"featured_media":23508,"comment_status":"open","ping_status":"open","sticky":false,"template":"","format":"standard","meta":{"footnotes":""},"categories":[80,9],"tags":[2070,2071],"class_list":["post-23507","post","type-post","status-publish","format-standard","has-post-thumbnail","hentry","category-home","category-me-orgulho","tag-orgulho","tag-pride"],"_links":{"self":[{"href":"https:\/\/blogs.correio24horas.com.br\/mesalte\/wp-json\/wp\/v2\/posts\/23507","targetHints":{"allow":["GET"]}}],"collection":[{"href":"https:\/\/blogs.correio24horas.com.br\/mesalte\/wp-json\/wp\/v2\/posts"}],"about":[{"href":"https:\/\/blogs.correio24horas.com.br\/mesalte\/wp-json\/wp\/v2\/types\/post"}],"author":[{"embeddable":true,"href":"https:\/\/blogs.correio24horas.com.br\/mesalte\/wp-json\/wp\/v2\/users\/1"}],"replies":[{"embeddable":true,"href":"https:\/\/blogs.correio24horas.com.br\/mesalte\/wp-json\/wp\/v2\/comments?post=23507"}],"version-history":[{"count":1,"href":"https:\/\/blogs.correio24horas.com.br\/mesalte\/wp-json\/wp\/v2\/posts\/23507\/revisions"}],"predecessor-version":[{"id":23509,"href":"https:\/\/blogs.correio24horas.com.br\/mesalte\/wp-json\/wp\/v2\/posts\/23507\/revisions\/23509"}],"wp:featuredmedia":[{"embeddable":true,"href":"https:\/\/blogs.correio24horas.com.br\/mesalte\/wp-json\/wp\/v2\/media\/23508"}],"wp:attachment":[{"href":"https:\/\/blogs.correio24horas.com.br\/mesalte\/wp-json\/wp\/v2\/media?parent=23507"}],"wp:term":[{"taxonomy":"category","embeddable":true,"href":"https:\/\/blogs.correio24horas.com.br\/mesalte\/wp-json\/wp\/v2\/categories?post=23507"},{"taxonomy":"post_tag","embeddable":true,"href":"https:\/\/blogs.correio24horas.com.br\/mesalte\/wp-json\/wp\/v2\/tags?post=23507"}],"curies":[{"name":"wp","href":"https:\/\/api.w.org\/{rel}","templated":true}]}}