{"id":23454,"date":"2022-06-10T11:02:06","date_gmt":"2022-06-10T14:02:06","guid":{"rendered":"https:\/\/blogs.correio24horas.com.br\/mesalte\/?p=23454"},"modified":"2022-06-10T15:25:26","modified_gmt":"2022-06-10T18:25:26","slug":"esteban-rodrigues-e-bixarte-conversam-sobre-saude-mental-trans-no-estival-literario-nacional-em-cajazeiras","status":"publish","type":"post","link":"https:\/\/blogs.correio24horas.com.br\/mesalte\/esteban-rodrigues-e-bixarte-conversam-sobre-saude-mental-trans-no-estival-literario-nacional-em-cajazeiras\/","title":{"rendered":"Esteban Rodrigues e Bixarte conversam sobre sa\u00fade mental trans no estival Liter\u00e1rio Nacional, em Cajazeiras"},"content":{"rendered":"\n<p>Representatividade trans e travesti na literatura \u00e9 tema da mesa \u201cMente s\u00e3 em corpo trans\u201d, que re\u00fane a artista paraibana Bianca Manicongo, conhecida como Bixarte, e o escritor baiano Esteban Rodrigues, com media\u00e7\u00e3o do poeta Alex Sim\u00f5es. O evento acontece no dia 11 de junho, \u00e0s 10h, no Festival Liter\u00e1rio Nacional (Flin), no Gin\u00e1sio Poliesportivo em Cajazeiras. <\/p>\n\n\n\n<p>Com o mote \u201cDiversas Leituras e Novos Caminhos\u201d, o Flin traz a discuss\u00e3o sobre a produ\u00e7\u00e3o liter\u00e1ria de travestis e pessoas trans como fundamental para a transforma\u00e7\u00e3o social. \u201cO Flin antenado com os desafios contempor\u00e2neas, que surge como demanda efetiva das sociedades, est\u00e1 viabilizando uma oportunidade de discuss\u00e3o sobre esse tema\u201d, declara o diretor-geral Zulu Ara\u00fajo.   <\/p>\n\n\n\n<p>\u201cCazajeiras fez parte da minha constru\u00e7\u00e3o enquanto sujeito\u201d, descreve o autor de \u201cCom m\u00e3os atadas e como quem pisa em ovos\u201d Estaban Rodrigues, que cresceu na Estrada Velha do Aeroporto.  \u201cVoltar a esse espa\u00e7o, que recebe propositalmente um festival liter\u00e1rio, est\u00e1 numa perspectiva de incentivo n\u00e3o somente \u00e0 leitura, mas \u00e0 forma\u00e7\u00e3o de sujeitos que produzir\u00e3o novas narrativas que n\u00e3o est\u00e3o associadas a um lugar de elite\u201d, afirma.  <\/p>\n\n\n\n<p>Esteban acredita que as novas formas de leitura possibilitam imagin\u00e1rios poss\u00edveis para uma mente s\u00e3. \u201cAs diversas formas de leitura tornam mais acess\u00edveis modos de nos vermos enquanto refer\u00eancias. Conseguir explorar um conte\u00fado que retrata pessoas como eu, sem objetifica\u00e7\u00e3o, sem animaliza\u00e7\u00e3o \u00e9 a possibilidade de nos vermos de m\u00e3os dadas com nossos pensamentos\u201d, ilustra o autor. <\/p>\n\n\n\n<p><strong>Sa\u00fade mental trans e agito no Flin<\/strong><\/p>\n\n\n\n<p>\u201cQuando eu iniciei minha transi\u00e7\u00e3o, h\u00e1 quatro anos atr\u00e1s, era mais dif\u00edcil encontrar uma literatura com autoria ou personagem trans\u201d, relata o poeta que vem se destacando na cena liter\u00e1ria. \u201cHoje eu estou construindo um acervo liter\u00e1rio com produ\u00e7\u00f5es diversas que seguem essa linha\u201d, conta Esteban. <\/p>\n\n\n\n<p>O poeta tamb\u00e9m relata que a escrita de pessoas trans n\u00e3o precisa estar associada \u00e0 demarca\u00e7\u00e3o de sua identidade de g\u00eanero.<\/p>\n\n\n\n<p>\u201cPodemos falar de afeto ou de rotina, essa \u00e9 a diversidade dos nossos prop\u00f3sitos. O meu, enquanto escritor e poeta, \u00e9 marcar todas as nuances que a transgeneridade atravessa dentro da minha realidade\u201d, afirma. <\/p>\n\n\n\n<p>Al\u00e9m da mesa, a representatividade da comunidade LGBTQIAP+ continua no dia 10 de junho, o rap alagoinhense Hiran sobe ao palco Arena para agitar a programa\u00e7\u00e3o do Flin. Com mais de 1,4 milh\u00f5es de visualiza\u00e7\u00f5es em seus clipes, o dono dos hits \u201cL\u00e1grima\u201d e \u201cGosto de Quero Mais\u201d, traz seu rap do interior e que fala com dissidentes sexuais, para o festival.<\/p>\n\n\n\n<p>Confira mais informa\u00e7\u00f5es no site www.flin.ba.gov.br e no instagram @flinoficial<\/p>\n\n\n\n<p><strong>Servi\u00e7o<br><\/strong> Festival Liter\u00e1rio Nacional &#8211; FLIN<br> Quando: de 9 a 11 de junho<br> Onde: Gin\u00e1sio Poliesportivo de Cajazeiras<br> Entrada Franca<\/p>\n","protected":false},"excerpt":{"rendered":"<p>Representatividade trans e travesti na literatura \u00e9 tema da mesa \u201cMente s\u00e3 em corpo trans\u201d, que re\u00fane a artista paraibana Bianca Manicongo, conhecida como Bixarte, e [&hellip;]<\/p>\n","protected":false},"author":1,"featured_media":23455,"comment_status":"open","ping_status":"open","sticky":false,"template":"","format":"standard","meta":{"footnotes":""},"categories":[80,16],"tags":[],"class_list":["post-23454","post","type-post","status-publish","format-standard","has-post-thumbnail","hentry","category-home","category-me-jogo"],"_links":{"self":[{"href":"https:\/\/blogs.correio24horas.com.br\/mesalte\/wp-json\/wp\/v2\/posts\/23454","targetHints":{"allow":["GET"]}}],"collection":[{"href":"https:\/\/blogs.correio24horas.com.br\/mesalte\/wp-json\/wp\/v2\/posts"}],"about":[{"href":"https:\/\/blogs.correio24horas.com.br\/mesalte\/wp-json\/wp\/v2\/types\/post"}],"author":[{"embeddable":true,"href":"https:\/\/blogs.correio24horas.com.br\/mesalte\/wp-json\/wp\/v2\/users\/1"}],"replies":[{"embeddable":true,"href":"https:\/\/blogs.correio24horas.com.br\/mesalte\/wp-json\/wp\/v2\/comments?post=23454"}],"version-history":[{"count":1,"href":"https:\/\/blogs.correio24horas.com.br\/mesalte\/wp-json\/wp\/v2\/posts\/23454\/revisions"}],"predecessor-version":[{"id":23456,"href":"https:\/\/blogs.correio24horas.com.br\/mesalte\/wp-json\/wp\/v2\/posts\/23454\/revisions\/23456"}],"wp:featuredmedia":[{"embeddable":true,"href":"https:\/\/blogs.correio24horas.com.br\/mesalte\/wp-json\/wp\/v2\/media\/23455"}],"wp:attachment":[{"href":"https:\/\/blogs.correio24horas.com.br\/mesalte\/wp-json\/wp\/v2\/media?parent=23454"}],"wp:term":[{"taxonomy":"category","embeddable":true,"href":"https:\/\/blogs.correio24horas.com.br\/mesalte\/wp-json\/wp\/v2\/categories?post=23454"},{"taxonomy":"post_tag","embeddable":true,"href":"https:\/\/blogs.correio24horas.com.br\/mesalte\/wp-json\/wp\/v2\/tags?post=23454"}],"curies":[{"name":"wp","href":"https:\/\/api.w.org\/{rel}","templated":true}]}}