{"id":23445,"date":"2022-06-07T10:48:26","date_gmt":"2022-06-07T13:48:26","guid":{"rendered":"https:\/\/blogs.correio24horas.com.br\/mesalte\/?p=23445"},"modified":"2022-06-07T10:49:07","modified_gmt":"2022-06-07T13:49:07","slug":"ministerio-publico-vai-apurar-ataques-de-pastor-evangelico-a-crianca-transgenero-na-bahia","status":"publish","type":"post","link":"https:\/\/blogs.correio24horas.com.br\/mesalte\/ministerio-publico-vai-apurar-ataques-de-pastor-evangelico-a-crianca-transgenero-na-bahia\/","title":{"rendered":"Minist\u00e9rio P\u00fablico vai apurar ataques de pastor evang\u00e9lico a crian\u00e7a transg\u00eanero na Bahia"},"content":{"rendered":"\n<p> Fernanda Santana<br><a href=\"mailto:fernanda.santana@redebahia.com.br\">fernanda.santana@redebahia.com.br<\/a><\/p>\n\n\n\n<p>As agress\u00f5es &#8211; institucionais e f\u00edsicas &#8211; sofridas por uma crian\u00e7a transg\u00eanero em Po\u00e7\u00f5es, no sudoeste baiano, ser\u00e3o tema de uma reuni\u00e3o agendada pelo Minist\u00e9rio P\u00fablico da Bahia (MP) nesta\u00a0ter\u00e7a-feira (7). A Secretaria Municipal de Educa\u00e7\u00e3o da cidade j\u00e1 tinha sido acionada pelo \u00f3rg\u00e3o, no dia 1\u00ba de junho, e tem\u00a0cinco dias \u00fateis\u00a0para explicar\u00a0a aus\u00eancia do nome social nos registros escolares do menino.<\/p>\n\n\n\n<p>A reuni\u00e3o foi marcada depois de o CORREIO* noticiar, no \u00faltimo final de semana,<a rel=\"noreferrer noopener\" href=\"https:\/\/www.correio24horas.com.br\/noticia\/nid\/crianca-transgenero-tem-casa-apedrejada-e-e-impedida-de-ser-chamada-pelo-nome\/\" target=\"_blank\">\u00a0as agress\u00f5es sofridas pela crian\u00e7a e a m\u00e3e<\/a>. O MP tamb\u00e9m ir\u00e1 apurar &#8220;eventuais condutas il\u00edcitas e criminais cometidas contra&#8221; o garoto cometidas por um pastor evang\u00e9lico, que convocou\u00a0religiosos a se manifestarem contra um Projeto de Lei (PL) que busca garantir o direito ao\u00a0nome social para pessoas trans no munic\u00edpio.<\/p>\n\n\n\n<p>Desde que o menino assumiu sua identidade de g\u00eanero, a m\u00e3e dele, Jana\u00edna Brito, come\u00e7ou uma luta pelos direitos do&nbsp;filho. Entre eles, o uso do nome social, n\u00e3o acatado, at\u00e9 o momento, pela Secretaria Municipal de Educa\u00e7\u00e3o.<\/p>\n\n\n\n<p>O menino de 12 anos e a m\u00e3e tiveram a casa onde moram apedrejada duas vezes nas \u00faltimas duas semanas. A crian\u00e7a tamb\u00e9m tem sido impedida de ser chamada pelo nome social na escola onde estuda &#8211; ele, apesar do pedido da m\u00e3e \u00e0 escola, n\u00e3o teve os registros escolares modificados.<br><br><strong>Leia mais:&nbsp;<\/strong><a href=\"https:\/\/www.correio24horas.com.br\/noticia\/nid\/crianca-transgenero-tem-casa-apedrejada-e-e-impedida-de-ser-chamada-pelo-nome\/\" target=\"_blank\" rel=\"noreferrer noopener\">Crian\u00e7a transg\u00eanero tem casa apedrejada e \u00e9 impedida de ser chamada pelo nome<\/a><\/p>\n\n\n\n<p>O uso do nome social entre menores de 18 anos em ambientes escolares \u00e9 autorizado pelo Minist\u00e9rio da Educa\u00e7\u00e3o desde 2018. Em Po\u00e7\u00f5es, no entanto, os registros escolares do menino n\u00e3o foram modificados, mesmo depois do pedido da m\u00e3e dele.&nbsp;<\/p>\n\n\n\n<blockquote class=\"wp-block-quote is-layout-flow wp-block-quote-is-layout-flow\"><p><strong>&#8220;Ser\u00e1 uma reuni\u00e3o inicial para conversar com o promotor sobre todas as quest\u00f5es que est\u00e3o acontecendo. N\u00f3s t\u00ednhamos acionado&nbsp;o Minist\u00e9rio P\u00fablico sobre a quest\u00e3o da discrimina\u00e7\u00e3o no dia 1\u00ba e, hoje, ele marcaram a reuni\u00e3o<\/strong>&#8220;, contou Amanda Souto, advogada e uma das representantes da Associa\u00e7\u00e3o Nacional LGBTI.&nbsp;<\/p><\/blockquote>\n\n\n\n<p>A reportagem tentou contato com a Secretaria Municipal de Educa\u00e7\u00e3o de Po\u00e7\u00f5es. A pasta afirmou que responderia aos questionamentos na ter\u00e7a (7), pois os \u00f3rg\u00e3os p\u00fablicos ainda est\u00e3o com funcionamento prejudicado devido \u00e0 Festa do Divino, maior celebra\u00e7\u00e3o cat\u00f3lica da cidade.&nbsp;Tamb\u00e9m tentamos contato com o pastor que convocou religiosos contra o garoto, mas n\u00e3o tivemos retorno.<br><br><strong>Saiba como ajudar Jana\u00edna e o filho<\/strong><\/p>\n\n\n\n<p>Decoradora de bolos de festas, Jana\u00edna est\u00e1 sem encomendas desde que iniciou a luta pelos direitos do filho, h\u00e1 pouco menos de um m\u00eas. Para a reportagem publicada no final de semana, Jana\u00edna afirmou que, como os clientes estavam em falta, ela e o ca\u00e7ula viviam de doa\u00e7\u00f5es.<\/p>\n\n\n\n<p>R. (inicial fict\u00edcia do menino transg\u00eanero alvo de ataques em Po\u00e7\u00f5es) enviou uma mensagem para ser publicada junto com o texto: \u201cBom, eu sou um trans, o que significa que me identifico como um garoto. Podemos dizer que eu n\u00e3o sou uma aberra\u00e7\u00e3o e n\u00e3o entendo por que tais ataques que ando tendo&#8221;.<\/p>\n\n\n\n<p>Uma&nbsp;<a href=\"https:\/\/www.vakinha.com.br\/vaquinha\/junte-se-na-luta-contra-a-transfobia-ajuda-para-janaina-e-levi?utm_campaign=whatsapp&amp;utm_content=2892752&amp;utm_medium=website&amp;utm_source=social-shares\" target=\"_blank\" rel=\"noreferrer noopener\">vaquinha online&nbsp;<\/a>foi aberta para ajudar Jana\u00edna e o menino. Da meta de R$ 15 mil, suficiente para arcar com as despesas dos dois nos pr\u00f3ximos quatro meses. Eles pretendem mudar de endere\u00e7o depois dos ataques. De duas semanas para c\u00e1, Jana\u00edna acordou quatro vezes, na madrugada, ao som de gritos e pedradas sobre a casa onde mora.<\/p>\n\n\n\n<p>Clique&nbsp;<a href=\"https:\/\/www.vakinha.com.br\/vaquinha\/junte-se-na-luta-contra-a-transfobia-ajuda-para-janaina-e-levi?utm_campaign=whatsapp&amp;utm_content=2892752&amp;utm_medium=website&amp;utm_source=social-shares\" target=\"_blank\" rel=\"noreferrer noopener\">aqui&nbsp;<\/a>para contribuir com a vaquinha ou contribua via PIX:&nbsp;2892752@vakinha.com.br.<\/p>\n","protected":false},"excerpt":{"rendered":"<p>Fernanda Santanafernanda.santana@redebahia.com.br As agress\u00f5es &#8211; institucionais e f\u00edsicas &#8211; sofridas por uma crian\u00e7a transg\u00eanero em Po\u00e7\u00f5es, no sudoeste baiano, ser\u00e3o tema de uma reuni\u00e3o agendada pelo [&hellip;]<\/p>\n","protected":false},"author":2,"featured_media":23446,"comment_status":"open","ping_status":"open","sticky":false,"template":"","format":"standard","meta":{"footnotes":""},"categories":[80],"tags":[],"class_list":["post-23445","post","type-post","status-publish","format-standard","has-post-thumbnail","hentry","category-home"],"_links":{"self":[{"href":"https:\/\/blogs.correio24horas.com.br\/mesalte\/wp-json\/wp\/v2\/posts\/23445","targetHints":{"allow":["GET"]}}],"collection":[{"href":"https:\/\/blogs.correio24horas.com.br\/mesalte\/wp-json\/wp\/v2\/posts"}],"about":[{"href":"https:\/\/blogs.correio24horas.com.br\/mesalte\/wp-json\/wp\/v2\/types\/post"}],"author":[{"embeddable":true,"href":"https:\/\/blogs.correio24horas.com.br\/mesalte\/wp-json\/wp\/v2\/users\/2"}],"replies":[{"embeddable":true,"href":"https:\/\/blogs.correio24horas.com.br\/mesalte\/wp-json\/wp\/v2\/comments?post=23445"}],"version-history":[{"count":1,"href":"https:\/\/blogs.correio24horas.com.br\/mesalte\/wp-json\/wp\/v2\/posts\/23445\/revisions"}],"predecessor-version":[{"id":23447,"href":"https:\/\/blogs.correio24horas.com.br\/mesalte\/wp-json\/wp\/v2\/posts\/23445\/revisions\/23447"}],"wp:featuredmedia":[{"embeddable":true,"href":"https:\/\/blogs.correio24horas.com.br\/mesalte\/wp-json\/wp\/v2\/media\/23446"}],"wp:attachment":[{"href":"https:\/\/blogs.correio24horas.com.br\/mesalte\/wp-json\/wp\/v2\/media?parent=23445"}],"wp:term":[{"taxonomy":"category","embeddable":true,"href":"https:\/\/blogs.correio24horas.com.br\/mesalte\/wp-json\/wp\/v2\/categories?post=23445"},{"taxonomy":"post_tag","embeddable":true,"href":"https:\/\/blogs.correio24horas.com.br\/mesalte\/wp-json\/wp\/v2\/tags?post=23445"}],"curies":[{"name":"wp","href":"https:\/\/api.w.org\/{rel}","templated":true}]}}