{"id":23443,"date":"2022-06-01T18:04:23","date_gmt":"2022-06-01T21:04:23","guid":{"rendered":"https:\/\/blogs.correio24horas.com.br\/mesalte\/?p=23443"},"modified":"2022-06-01T18:04:25","modified_gmt":"2022-06-01T21:04:25","slug":"deputados-aprovam-projeto-de-lei-para-punir-estabelecimentos-lgbtfobicos-na-bahia","status":"publish","type":"post","link":"https:\/\/blogs.correio24horas.com.br\/mesalte\/deputados-aprovam-projeto-de-lei-para-punir-estabelecimentos-lgbtfobicos-na-bahia\/","title":{"rendered":"Deputados aprovam projeto de lei para punir estabelecimentos LGBTf\u00f3bicos na Bahia"},"content":{"rendered":"\n<p>Ap\u00f3s tr\u00eas tentativas de vota\u00e7\u00e3o, enfim, o  Projeto de Lei n\u00ba 22.845\/2018, denominado Millena Passos foi votado e aprovado na   Assembleia Legislativa da Bahia (ALBA) . O PL pede penalidades administrativas para atos de discrimina\u00e7\u00e3o em raz\u00e3o de orienta\u00e7\u00e3o sexual e identidade de g\u00eanero  em toda Bahia. <\/p>\n\n\n\n<p>A sess\u00e3o aconteceu nesta ter\u00e7a-feira (31) ap\u00f3s o presidente da Assembleia Legislativa da Bahia (ALBA), deputado Adolfo Menezes (PSD), convocar  nova sess\u00e3o extraordin\u00e1ria para  apreciar o projeto. <\/p>\n\n\n\n<p>O projeto segue agora para san\u00e7\u00e3o do governador Rui Costa. A partir de sua san\u00e7\u00e3o, o Estado ter\u00e1 meios para punir administrativamente agentes p\u00fablicos ou estabelecimentos privados que discriminem pessoas com base em suas orienta\u00e7\u00f5es sexuais.<\/p>\n\n\n\n<p>A Lei homenageia em vida, Milena Passos, ativista dos direitos LGBTQIAP+ e primeira mulher trans do Brasil a atuar numa Secretaria de Pol\u00edticas das Mulheres.(<a href=\"https:\/\/blogs.correio24horas.com.br\/mesalte\/orgulho-feminino\/\">Clique aqui e conhe\u00e7a a hist\u00f3ria de Milena<\/a>) <\/p>\n\n\n\n<p> <\/p>\n","protected":false},"excerpt":{"rendered":"<p>Ap\u00f3s tr\u00eas tentativas de vota\u00e7\u00e3o, enfim, o Projeto de Lei n\u00ba 22.845\/2018, denominado Millena Passos foi votado e aprovado na Assembleia Legislativa da Bahia (ALBA) . [&hellip;]<\/p>\n","protected":false},"author":1,"featured_media":22253,"comment_status":"open","ping_status":"open","sticky":false,"template":"","format":"standard","meta":{"footnotes":""},"categories":[80,11],"tags":[],"class_list":["post-23443","post","type-post","status-publish","format-standard","has-post-thumbnail","hentry","category-home","category-me-informo"],"_links":{"self":[{"href":"https:\/\/blogs.correio24horas.com.br\/mesalte\/wp-json\/wp\/v2\/posts\/23443","targetHints":{"allow":["GET"]}}],"collection":[{"href":"https:\/\/blogs.correio24horas.com.br\/mesalte\/wp-json\/wp\/v2\/posts"}],"about":[{"href":"https:\/\/blogs.correio24horas.com.br\/mesalte\/wp-json\/wp\/v2\/types\/post"}],"author":[{"embeddable":true,"href":"https:\/\/blogs.correio24horas.com.br\/mesalte\/wp-json\/wp\/v2\/users\/1"}],"replies":[{"embeddable":true,"href":"https:\/\/blogs.correio24horas.com.br\/mesalte\/wp-json\/wp\/v2\/comments?post=23443"}],"version-history":[{"count":1,"href":"https:\/\/blogs.correio24horas.com.br\/mesalte\/wp-json\/wp\/v2\/posts\/23443\/revisions"}],"predecessor-version":[{"id":23444,"href":"https:\/\/blogs.correio24horas.com.br\/mesalte\/wp-json\/wp\/v2\/posts\/23443\/revisions\/23444"}],"wp:featuredmedia":[{"embeddable":true,"href":"https:\/\/blogs.correio24horas.com.br\/mesalte\/wp-json\/wp\/v2\/media\/22253"}],"wp:attachment":[{"href":"https:\/\/blogs.correio24horas.com.br\/mesalte\/wp-json\/wp\/v2\/media?parent=23443"}],"wp:term":[{"taxonomy":"category","embeddable":true,"href":"https:\/\/blogs.correio24horas.com.br\/mesalte\/wp-json\/wp\/v2\/categories?post=23443"},{"taxonomy":"post_tag","embeddable":true,"href":"https:\/\/blogs.correio24horas.com.br\/mesalte\/wp-json\/wp\/v2\/tags?post=23443"}],"curies":[{"name":"wp","href":"https:\/\/api.w.org\/{rel}","templated":true}]}}