{"id":23440,"date":"2022-05-30T14:29:05","date_gmt":"2022-05-30T17:29:05","guid":{"rendered":"https:\/\/blogs.correio24horas.com.br\/mesalte\/?p=23440"},"modified":"2022-05-30T14:29:16","modified_gmt":"2022-05-30T17:29:16","slug":"mae-solo-filme-baiano-e-indicado-ao-premio-do-cinema-brasileiro-2022-da-academia-brasileira-de-cinema","status":"publish","type":"post","link":"https:\/\/blogs.correio24horas.com.br\/mesalte\/mae-solo-filme-baiano-e-indicado-ao-premio-do-cinema-brasileiro-2022-da-academia-brasileira-de-cinema\/","title":{"rendered":"\u2018M\u00e3e Solo\u2019, filme baiano, \u00e9 indicado ao Pr\u00eamio do Cinema Brasileiro 2022 da Academia Brasileira de Cinema"},"content":{"rendered":"\n<p>Com passagem por diversos festivais, no Brasil e exterior, &#8220;M\u00e3e solo&#8221; \u00e9 um curta-metragem de document\u00e1rio que conta a hist\u00f3rias de mulheres, m\u00e3es, pretas, moradoras de comunidades da cidade de Salvador, Brasil, apresentando suas identidades como m\u00e3es solteiras, atrav\u00e9s de relatos autorais de suas viv\u00eancias, fugindo dos estere\u00f3tipos que cercam as mulheres m\u00e3es pretas solteiras.&nbsp; O filme est\u00e1 entre os 62 indicados no primeiro-turno do Grande Pr\u00eamio do Cinema Brasileiro 2022 na categoria curta-metragem.<\/p>\n\n\n\n<p>As personagens principais deste document\u00e1rio s\u00e3o Keisiane Santos, 24 anos, esteticista, e L\u00facia Batista, 63 anos, diarista, ambas m\u00e3es solteiras que vivem em regi\u00f5es perif\u00e9ricas na cidade de Salvador, Brasil.<\/p>\n\n\n\n<p>&nbsp;Apesar de terem dado a luz em \u00e9pocas diferentes, separadas por cerca de 40 anos, as personagens lembram e relatam dificuldades parecidas sobre a realidade de ser uma m\u00e3e solteira na sociedade brasileira. As hist\u00f3rias das duas m\u00e3es solo se ligam neste document\u00e1rio, trazendo consigo algumas reflex\u00f5es essenciais sobre como a responsabilidade sobre a cria\u00e7\u00e3o de seus filhos recaem sobre as mulheres e exp\u00f5e as quest\u00f5es que envolvem a falta de apoio e acolhimento da fam\u00edlia, dos pais das crian\u00e7as, da sociedade e do Estado.<\/p>\n\n\n\n<p>A representa\u00e7\u00e3o da mulher preta est\u00e1 reclusa a base da pir\u00e2mide social, econ\u00f4mica, midi\u00e1tica, art\u00edstica, pol\u00edtica, intelectual, principalmente se compararmos com o lugar de destaque que ocupa o homem branco; e tamb\u00e9m n\u00e3o muito diferente do lugar de realce que ocupa a mulher branca. Assim, as personagens desabafam suas hist\u00f3rias de luta, dificuldade e sobreviv\u00eancia, como mulheres pretas e m\u00e3es solteiras. Esses pap\u00e9is sociais lhes resguardam lugares ainda mais pr\u00f3ximos da linha de marginalidade de voz, representatividade, recursos, acesso e qualidade de vida na sociedade. Al\u00e9m das personagens principais, temos a an\u00e1lise da situa\u00e7\u00e3o por Vilma Reis, soci\u00f3loga e ativista, que explana e aprofunda as ra\u00edzes dos problemas enfrentados pela&nbsp; mulher preta m\u00e3e solteira, levantando a origem dos fatos que estruturam seu lugar na pir\u00e2mide social.<\/p>\n\n\n\n<p>A ideia do document\u00e1rio surgiu do diretor teatral e l\u00edder comunit\u00e1rio Marcos Dias. O roteiro \u00e9 de Nane Sacramento e Danilo Stael, com dire\u00e7\u00e3o de Camila de Moraes e produ\u00e7\u00e3o de Danilo Stael, atrav\u00e9s da produtora Aworan. Na equipe constam nomes como Marcos Dias, Engels Miranda, Marise Urbano, Uiran Paranhos, Josy Miranda, Alice Braz,&nbsp; Lailane Dorea, H\u00e1vata Serena, Gabriel Lake, Tiago Pinto, Filipe Louzado, David Aynan, Danilo Umbelino e as atrizes Brenda Matos, Kal\u00fa Santana e Lindete Souza.<\/p>\n\n\n\n<p>Projeto contemplado pelo Pr\u00eamio Concei\u00e7\u00e3o Senna de Audiovisual, da Funda\u00e7\u00e3o Greg\u00f3rio de Mattos, Prefeitura de Salvador, por meio da Lei de Emerg\u00eancia Cultural Aldir Blanc, com recursos oriundos da Secretaria Especial da Cultura, Minist\u00e9rio do Turismo, Governo Federal.<\/p>\n","protected":false},"excerpt":{"rendered":"<p>Com passagem por diversos festivais, no Brasil e exterior, &#8220;M\u00e3e solo&#8221; \u00e9 um curta-metragem de document\u00e1rio que conta a hist\u00f3rias de mulheres, m\u00e3es, pretas, moradoras de [&hellip;]<\/p>\n","protected":false},"author":2,"featured_media":23441,"comment_status":"open","ping_status":"open","sticky":false,"template":"","format":"standard","meta":{"footnotes":""},"categories":[80,11],"tags":[],"class_list":["post-23440","post","type-post","status-publish","format-standard","has-post-thumbnail","hentry","category-home","category-me-informo"],"_links":{"self":[{"href":"https:\/\/blogs.correio24horas.com.br\/mesalte\/wp-json\/wp\/v2\/posts\/23440","targetHints":{"allow":["GET"]}}],"collection":[{"href":"https:\/\/blogs.correio24horas.com.br\/mesalte\/wp-json\/wp\/v2\/posts"}],"about":[{"href":"https:\/\/blogs.correio24horas.com.br\/mesalte\/wp-json\/wp\/v2\/types\/post"}],"author":[{"embeddable":true,"href":"https:\/\/blogs.correio24horas.com.br\/mesalte\/wp-json\/wp\/v2\/users\/2"}],"replies":[{"embeddable":true,"href":"https:\/\/blogs.correio24horas.com.br\/mesalte\/wp-json\/wp\/v2\/comments?post=23440"}],"version-history":[{"count":1,"href":"https:\/\/blogs.correio24horas.com.br\/mesalte\/wp-json\/wp\/v2\/posts\/23440\/revisions"}],"predecessor-version":[{"id":23442,"href":"https:\/\/blogs.correio24horas.com.br\/mesalte\/wp-json\/wp\/v2\/posts\/23440\/revisions\/23442"}],"wp:featuredmedia":[{"embeddable":true,"href":"https:\/\/blogs.correio24horas.com.br\/mesalte\/wp-json\/wp\/v2\/media\/23441"}],"wp:attachment":[{"href":"https:\/\/blogs.correio24horas.com.br\/mesalte\/wp-json\/wp\/v2\/media?parent=23440"}],"wp:term":[{"taxonomy":"category","embeddable":true,"href":"https:\/\/blogs.correio24horas.com.br\/mesalte\/wp-json\/wp\/v2\/categories?post=23440"},{"taxonomy":"post_tag","embeddable":true,"href":"https:\/\/blogs.correio24horas.com.br\/mesalte\/wp-json\/wp\/v2\/tags?post=23440"}],"curies":[{"name":"wp","href":"https:\/\/api.w.org\/{rel}","templated":true}]}}