{"id":23428,"date":"2022-05-18T20:56:29","date_gmt":"2022-05-18T23:56:29","guid":{"rendered":"https:\/\/blogs.correio24horas.com.br\/mesalte\/?p=23428"},"modified":"2022-05-18T20:56:31","modified_gmt":"2022-05-18T23:56:31","slug":"cortejo-afro-faz-temporada-no-rio-vermelho","status":"publish","type":"post","link":"https:\/\/blogs.correio24horas.com.br\/mesalte\/cortejo-afro-faz-temporada-no-rio-vermelho\/","title":{"rendered":"Cortejo Afro faz temporada no Rio Vermelho"},"content":{"rendered":"\n<p>At\u00e9 17 de junho, sempre \u00e0s sextas-feiras, a banda Cortejo Afro est\u00e1 de endere\u00e7o novo. O grupo, que tradicionalmente faz shows no Pelourinho, se apresentar\u00e1 em temporada na Casa Rosa, no Rio Vermelho sempre \u00e0s 21h. Os shows ocorrer\u00e3o no P\u00e1tio Vira\u00e7\u00e3o, onde o p\u00fablico sentir\u00e1 a batida percussiva da banda. Os comes e bebes ficam por conta do Puxadinho Larribar. Os ingressos custar\u00e3o R$ 80 (inteira) e R$ 40 (meia-entrada).<\/p>\n\n\n\n<p>Criada em 02 de julho de 1998, na comunidade de Piraj\u00e1 a banda surgiu sob a inspira\u00e7\u00e3o e orienta\u00e7\u00e3o espiritual da Yalorix\u00e1 Anizia da Rocha Pitta, M\u00e3e Santinha, atestando toda a sua identidade, autenticidade e for\u00e7a.&nbsp;Situada em uma casa constru\u00edda na primeira metade do S\u00e9c. XX, a Casa Rosa foi idealizada e viabilizada pela Associa\u00e7\u00e3o Vira\u00e7\u00e3o como um espa\u00e7o para estimular livre cria\u00e7\u00e3o e produ\u00e7\u00e3o cultural, que proporciona ambientes adaptados para receber a diversidade art\u00edstica-cultural da cidade: Teatro Cambar\u00e1, P\u00e1tio Vira\u00e7\u00e3o, Galeria-Foyer, Sala Rosa e Caf\u00e9-Bar.<\/p>\n\n\n\n<p><strong>Servi\u00e7o<\/strong><\/p>\n\n\n\n<p><strong>Cortejo Afro<\/strong><br>Endere\u00e7o: Pra\u00e7a Colombo, 106 \u2013 Rio Vermelho<br>Data: De 20 de maio a 17 de junho, sextas-feiras, \u00e0s 21h.<br>Ingressos: R$ 80,00 (inteira) e R$ 40,00 (meia-entrada)<br><a href=\"https:\/\/www.sympla.com.br\/cortejo-afro-na-casa-rosa__1581059\" target=\"_blank\" rel=\"noreferrer noopener\">Vendas&nbsp;<\/a><\/p>\n","protected":false},"excerpt":{"rendered":"<p>At\u00e9 17 de junho, sempre \u00e0s sextas-feiras, a banda Cortejo Afro est\u00e1 de endere\u00e7o novo. O grupo, que tradicionalmente faz shows no Pelourinho, se apresentar\u00e1 em [&hellip;]<\/p>\n","protected":false},"author":1,"featured_media":23429,"comment_status":"open","ping_status":"open","sticky":false,"template":"","format":"standard","meta":{"footnotes":""},"categories":[80,16],"tags":[],"class_list":["post-23428","post","type-post","status-publish","format-standard","has-post-thumbnail","hentry","category-home","category-me-jogo"],"_links":{"self":[{"href":"https:\/\/blogs.correio24horas.com.br\/mesalte\/wp-json\/wp\/v2\/posts\/23428","targetHints":{"allow":["GET"]}}],"collection":[{"href":"https:\/\/blogs.correio24horas.com.br\/mesalte\/wp-json\/wp\/v2\/posts"}],"about":[{"href":"https:\/\/blogs.correio24horas.com.br\/mesalte\/wp-json\/wp\/v2\/types\/post"}],"author":[{"embeddable":true,"href":"https:\/\/blogs.correio24horas.com.br\/mesalte\/wp-json\/wp\/v2\/users\/1"}],"replies":[{"embeddable":true,"href":"https:\/\/blogs.correio24horas.com.br\/mesalte\/wp-json\/wp\/v2\/comments?post=23428"}],"version-history":[{"count":1,"href":"https:\/\/blogs.correio24horas.com.br\/mesalte\/wp-json\/wp\/v2\/posts\/23428\/revisions"}],"predecessor-version":[{"id":23430,"href":"https:\/\/blogs.correio24horas.com.br\/mesalte\/wp-json\/wp\/v2\/posts\/23428\/revisions\/23430"}],"wp:featuredmedia":[{"embeddable":true,"href":"https:\/\/blogs.correio24horas.com.br\/mesalte\/wp-json\/wp\/v2\/media\/23429"}],"wp:attachment":[{"href":"https:\/\/blogs.correio24horas.com.br\/mesalte\/wp-json\/wp\/v2\/media?parent=23428"}],"wp:term":[{"taxonomy":"category","embeddable":true,"href":"https:\/\/blogs.correio24horas.com.br\/mesalte\/wp-json\/wp\/v2\/categories?post=23428"},{"taxonomy":"post_tag","embeddable":true,"href":"https:\/\/blogs.correio24horas.com.br\/mesalte\/wp-json\/wp\/v2\/tags?post=23428"}],"curies":[{"name":"wp","href":"https:\/\/api.w.org\/{rel}","templated":true}]}}