{"id":23410,"date":"2022-05-11T14:15:30","date_gmt":"2022-05-11T17:15:30","guid":{"rendered":"https:\/\/blogs.correio24horas.com.br\/mesalte\/?p=23410"},"modified":"2022-05-16T14:17:51","modified_gmt":"2022-05-16T17:17:51","slug":"brasil-tem-ao-menos-5-assassinatos-de-lgbti-por-semana-diz-levantamento","status":"publish","type":"post","link":"https:\/\/blogs.correio24horas.com.br\/mesalte\/brasil-tem-ao-menos-5-assassinatos-de-lgbti-por-semana-diz-levantamento\/","title":{"rendered":"Brasil tem ao menos 5 assassinatos de LGBTI+ por semana, diz levantamento"},"content":{"rendered":"\n<p> Por Estad\u00e3o Conte\u00fado<br><br>Pelo menos cinco pessoas LGBTI+ foram v\u00edtimas de homic\u00eddio no Pa\u00eds a cada semana em 2021, segundo o Observat\u00f3rio de Mortes e Viol\u00eancias contra LGBTI+. Ao todo, foram 262 assassinatos, aumento de 21,9% em rela\u00e7\u00e3o ao ano anterior, quando o total foi de 215. Em 2020, diante da quarentena imposta pela pandemia do novo coronav\u00edrus, houve queda de v\u00e1rios tipos de crime.<\/p>\n\n\n\n<p>Segundo o relat\u00f3rio, que vai ser lan\u00e7ado nesta quarta-feira, 11, os alvos mais comuns foram gays (48,9%) e mulheres transexuais e travestis (43,9%). O dossi\u00ea \u00e9 baseado em levantamento em not\u00edcias encontradas em jornais e portais eletr\u00f4nicos, por causa das lacunas de estat\u00edsticas oficiais sobre esses crimes. &#8220;H\u00e1, provavelmente, uma significativa subnotifica\u00e7\u00e3o do n\u00famero de mortes violentas de LGBTI+ no Brasil&#8221;, escrevem os pesquisadores<\/p>\n\n\n\n<p>Para Alexandre Bogas, diretor executivo da Acontece &#8211; Arte e Pol\u00edtica LGBTI+, os n\u00fameros refletem n\u00e3o apenas os casos mais extremos, mas tamb\u00e9m o cen\u00e1rio de preconceito contra essa parcela da sociedade e o descaso do poder p\u00fablico. &#8220;E o assassinato \u00e9 s\u00f3 o resultado final. A gente sofre no dia a dia, j\u00e1 come\u00e7a na fam\u00edlia. A viol\u00eancia \u00e9 muito forte.&#8221; Al\u00e9m da Acontece, o observat\u00f3rio inclui a Associa\u00e7\u00e3o Nacional de Travestis e Transexuais (ANTRA) e a Associa\u00e7\u00e3o Brasileira de L\u00e9sbicas, Gays, Bissexuais, Travestis, Transexuais e Intersexos (ABGLT).<\/p>\n\n\n\n<p>O levantamento destaca ainda a quantidade de mortes violentas na popula\u00e7\u00e3o LGBTI+. Nesta conta, entram tamb\u00e9m, por exemplo, os suic\u00eddios. Conforme os pesquisadores, essas mortes tamb\u00e9m refletem o problema estrutural. Foram, no total, 316 mortes violentas de pessoas dessa comunidade &#8211; uma a cada 27h, incluindo homic\u00eddios, suic\u00eddios, entre outros.<\/p>\n\n\n\n<p><strong>LGBTIfobia<\/strong><br>De acordo com Bogas, a an\u00e1lise dos dados tamb\u00e9m exp\u00f5e a crueldade dos casos e o \u00f3dio como motiva\u00e7\u00e3o. &#8220;Ocorre muita pedrada e facada. Isso reflete a LGBTfobia estrutural&#8221;, avalia. Esfaqueamento (28,8%), armas de fogo (26,27%), espancamento (6,33%), asfixia (3,16%), perfura\u00e7\u00f5es no corpo (2,53%) e queimaduras (2,22%) foram as principais causas de \u00f3bito. Segundo o Anu\u00e1rio Brasileiro de Seguran\u00e7a P\u00fablica de 2020, o principal instrumento empregado em mortes violentas intencionais no Brasil, considerando a popula\u00e7\u00e3o em geral, foi a arma de fogo (72,5%), seguido de arma branca (19,3%).<\/p>\n\n\n\n<p>O documento apresenta ainda uma tend\u00eancia de crescimento no total de mortes violentas reportadas de LGBTI+, mas a avalia\u00e7\u00e3o de que isso est\u00e1 ligado tamb\u00e9m \u00e0 aten\u00e7\u00e3o maior dos movimentos organizados e da pr\u00f3pria m\u00eddia ao assunto. Em 2000, por exemplo, foram 130 mortes violentas relatadas. &#8220;A viol\u00eancia sempre ocorreu historicamente, mas n\u00e3o se tinha um esfor\u00e7o de mensur\u00e1-la e combat\u00ea-la&#8221;, destaca o relat\u00f3rio.<\/p>\n\n\n\n<p>Jovens de 20 a 29 anos foram as principais v\u00edtimas, com 30,4% eram das v\u00edtimas nessa faixa et\u00e1ria. O dossi\u00ea ainda destaca as mortes de defensores de direitos humanos LGBTI+. Foram nove no ano passado, ante sete em 2020. O Centro-Oeste aparece como a macrorregi\u00e3o mais violenta, com 2,15 mortes violentas a cada milh\u00e3o de habitantes, seguida do Nordeste (2,01), do Norte (1,69), do Sudeste (1,15) e do Sul (0,92).<\/p>\n\n\n\n<p><strong>Reivindica\u00e7\u00f5es<\/strong><br>As entidades listam, no dossi\u00ea, medidas que ajudariam a garantir a seguran\u00e7a dessa popula\u00e7\u00e3o. Entre elas, combater a impunidade e a subnotifica\u00e7\u00e3o dos casos de abuso e viol\u00eancia; garantir pol\u00edticas espec\u00edficas para profissionais do sexo, moradores de favela e da periferia, pessoas em situa\u00e7\u00e3o de rua, detentos e egressos das pris\u00f5es. Segundo especialistas, grande parte da popula\u00e7\u00e3o LGBTI+ tem dificuldade para avan\u00e7ar nos estudos e conseguir empregos de melhor renda, diante das situa\u00e7\u00f5es de preconceito e inseguran\u00e7a.<\/p>\n\n\n\n<p>Os grupos do observat\u00f3rio pedem ainda a amplia\u00e7\u00e3o da estrutura e o or\u00e7amento do Programa de Prote\u00e7\u00e3o aos Defensores de Direitos Humanos, Comunicadores e Ambientalistas. Procurado, o Minist\u00e9rio da Mulher, Fam\u00edlia e Direitos Humanos n\u00e3o se pronunciou at\u00e9 a publica\u00e7\u00e3o da mat\u00e9ria. O lan\u00e7amento oficial do relat\u00f3rio ser\u00e1 \u00e0s 20h desta quarta, no&nbsp;<a href=\"https:\/\/www.youtube%20com\/watch?v=ljVBYh1o5cY\" target=\"_blank\" rel=\"noreferrer noopener\">link<\/a>.\n\n<\/p>\n","protected":false},"excerpt":{"rendered":"<p>Por Estad\u00e3o Conte\u00fado Pelo menos cinco pessoas LGBTI+ foram v\u00edtimas de homic\u00eddio no Pa\u00eds a cada semana em 2021, segundo o Observat\u00f3rio de Mortes e Viol\u00eancias [&hellip;]<\/p>\n","protected":false},"author":1,"featured_media":0,"comment_status":"open","ping_status":"open","sticky":false,"template":"","format":"standard","meta":{"footnotes":""},"categories":[80,11],"tags":[],"class_list":["post-23410","post","type-post","status-publish","format-standard","hentry","category-home","category-me-informo"],"_links":{"self":[{"href":"https:\/\/blogs.correio24horas.com.br\/mesalte\/wp-json\/wp\/v2\/posts\/23410","targetHints":{"allow":["GET"]}}],"collection":[{"href":"https:\/\/blogs.correio24horas.com.br\/mesalte\/wp-json\/wp\/v2\/posts"}],"about":[{"href":"https:\/\/blogs.correio24horas.com.br\/mesalte\/wp-json\/wp\/v2\/types\/post"}],"author":[{"embeddable":true,"href":"https:\/\/blogs.correio24horas.com.br\/mesalte\/wp-json\/wp\/v2\/users\/1"}],"replies":[{"embeddable":true,"href":"https:\/\/blogs.correio24horas.com.br\/mesalte\/wp-json\/wp\/v2\/comments?post=23410"}],"version-history":[{"count":1,"href":"https:\/\/blogs.correio24horas.com.br\/mesalte\/wp-json\/wp\/v2\/posts\/23410\/revisions"}],"predecessor-version":[{"id":23411,"href":"https:\/\/blogs.correio24horas.com.br\/mesalte\/wp-json\/wp\/v2\/posts\/23410\/revisions\/23411"}],"wp:attachment":[{"href":"https:\/\/blogs.correio24horas.com.br\/mesalte\/wp-json\/wp\/v2\/media?parent=23410"}],"wp:term":[{"taxonomy":"category","embeddable":true,"href":"https:\/\/blogs.correio24horas.com.br\/mesalte\/wp-json\/wp\/v2\/categories?post=23410"},{"taxonomy":"post_tag","embeddable":true,"href":"https:\/\/blogs.correio24horas.com.br\/mesalte\/wp-json\/wp\/v2\/tags?post=23410"}],"curies":[{"name":"wp","href":"https:\/\/api.w.org\/{rel}","templated":true}]}}