{"id":23407,"date":"2022-05-16T14:15:11","date_gmt":"2022-05-16T17:15:11","guid":{"rendered":"https:\/\/blogs.correio24horas.com.br\/mesalte\/?p=23407"},"modified":"2022-05-16T14:15:25","modified_gmt":"2022-05-16T17:15:25","slug":"anuncio-de-carro-com-casal-gay-gera-polemica-e-empresa-responde-comentarios-homofobicos","status":"publish","type":"post","link":"https:\/\/blogs.correio24horas.com.br\/mesalte\/anuncio-de-carro-com-casal-gay-gera-polemica-e-empresa-responde-comentarios-homofobicos\/","title":{"rendered":"An\u00fancio de carro com casal gay gera pol\u00eamica e empresa responde coment\u00e1rios homof\u00f3bicos"},"content":{"rendered":"\n<p>Por  JC Online | Rede Nordeste <br><br>Uma publicidade do modelo Polo, postada nas redes sociais da Volkswagen na semana passada, e protagonizada por um casal gay, est\u00e1 gerando pol\u00eamica. A campanha mostra dois rapazes abra\u00e7ados diante de um carro iluminado por uma luz violeta e fala em evolu\u00e7\u00e3o. \u201cSabe o que evoluiu junto com voc\u00ea? O Polo&#8221;, diz o texto da legenda.<\/p>\n\n\n\n<p>A propaganda no Facebook j\u00e1 re\u00fane 27 mil coment\u00e1rios e no Instagram cerca de 13.500. No Instagram, a maior parte dos coment\u00e1rios \u00e9 de apoio a campanha, embora haja piadas, cr\u00edticas e falas raivosas como &#8220;at\u00e9 um carro eles querem tornar LGBT&#8221;, diz um dos coment\u00e1rios.<\/p>\n\n\n\n<p>No Facebook, a maior parte dos coment\u00e1rios \u00e9 contr\u00e1rio a campanha. Muitos tentam disfar\u00e7ar o inc\u00f4modo em aceitar a postagem da Volkswagen. &#8220;Nada contra, por\u00e9m, nada a ver a foto!&#8221;, diz um dos coment\u00e1rios. Outras opini\u00f5es preconceituosas dizem que ao associar o carro ao p\u00fablico LGBTQI+ a propaganda denigre a imagem dos propriet\u00e1rios do Polo. &#8220;O p\u00fablico n\u00e3o lgbt est\u00e1 cansado de ter que receber guela abaixo essa situa\u00e7\u00e3o&#8230;&#8221;, disse um dos seguidores da marca.<\/p>\n\n\n\n<p><strong>Resposta da empresa<\/strong><br>A Volkswagen respondeu aos coment\u00e1rios preconceituosos com uma outra postagem no Facebook. Um v\u00eddeo, onde mostra diversas situa\u00e7\u00f5es com fam\u00edlias brancas formadas por casais h\u00e9teros, negros e negras, um casal l\u00e9sbico, asi\u00e1ticos, crian\u00e7as, animais e uma das legendas estampa a frase: &#8220;N\u00e3o somos apenas uma marca de carros. Somos uma marca humana&#8221;.<\/p>\n\n\n\n<p>A Volkswagen ainda publicou em suas redes sociais a seguinte mensagem: &#8220;A diferen\u00e7a enriquece, o respeito une. A Volkswagen do Brasil apoia a diversidade. Garantir um comportamento respeitoso e inclusivo, al\u00e9m de uma demanda dos nossos tempos, \u00e9 nosso compromisso. Acreditamos que cada pessoa tem experi\u00eancias \u00fanicas e, somadas, estas contribuem para a constru\u00e7\u00e3o de uma sociedade mais justa e humana&#8221;.<\/p>\n\n\n\n<p>Em nota publicada no site Automotive Business, a Volkswagen afirmou ainda que lan\u00e7ou recentemente uma cartilha para toda a sua cadeia de fornecedores e rede de concession\u00e1rias no Brasil para promover o tema inclus\u00e3o e diversidade no setor automotivo e em todos os graus de hierarquia da empresa. Segundo a Automotive Business, a VW afirmou ainda que apagar\u00e1 de suas p\u00e1ginas todos os coment\u00e1rios considerados ofensivos e desrespeitosos.<\/p>\n","protected":false},"excerpt":{"rendered":"<p>Por JC Online | Rede Nordeste Uma publicidade do modelo Polo, postada nas redes sociais da Volkswagen na semana passada, e protagonizada por um casal gay, [&hellip;]<\/p>\n","protected":false},"author":2,"featured_media":23408,"comment_status":"open","ping_status":"open","sticky":false,"template":"","format":"standard","meta":{"footnotes":""},"categories":[80,11],"tags":[2267,33],"class_list":["post-23407","post","type-post","status-publish","format-standard","has-post-thumbnail","hentry","category-home","category-me-informo","tag-carro","tag-gay"],"_links":{"self":[{"href":"https:\/\/blogs.correio24horas.com.br\/mesalte\/wp-json\/wp\/v2\/posts\/23407","targetHints":{"allow":["GET"]}}],"collection":[{"href":"https:\/\/blogs.correio24horas.com.br\/mesalte\/wp-json\/wp\/v2\/posts"}],"about":[{"href":"https:\/\/blogs.correio24horas.com.br\/mesalte\/wp-json\/wp\/v2\/types\/post"}],"author":[{"embeddable":true,"href":"https:\/\/blogs.correio24horas.com.br\/mesalte\/wp-json\/wp\/v2\/users\/2"}],"replies":[{"embeddable":true,"href":"https:\/\/blogs.correio24horas.com.br\/mesalte\/wp-json\/wp\/v2\/comments?post=23407"}],"version-history":[{"count":1,"href":"https:\/\/blogs.correio24horas.com.br\/mesalte\/wp-json\/wp\/v2\/posts\/23407\/revisions"}],"predecessor-version":[{"id":23409,"href":"https:\/\/blogs.correio24horas.com.br\/mesalte\/wp-json\/wp\/v2\/posts\/23407\/revisions\/23409"}],"wp:featuredmedia":[{"embeddable":true,"href":"https:\/\/blogs.correio24horas.com.br\/mesalte\/wp-json\/wp\/v2\/media\/23408"}],"wp:attachment":[{"href":"https:\/\/blogs.correio24horas.com.br\/mesalte\/wp-json\/wp\/v2\/media?parent=23407"}],"wp:term":[{"taxonomy":"category","embeddable":true,"href":"https:\/\/blogs.correio24horas.com.br\/mesalte\/wp-json\/wp\/v2\/categories?post=23407"},{"taxonomy":"post_tag","embeddable":true,"href":"https:\/\/blogs.correio24horas.com.br\/mesalte\/wp-json\/wp\/v2\/tags?post=23407"}],"curies":[{"name":"wp","href":"https:\/\/api.w.org\/{rel}","templated":true}]}}