{"id":23403,"date":"2022-05-02T16:45:35","date_gmt":"2022-05-02T19:45:35","guid":{"rendered":"https:\/\/blogs.correio24horas.com.br\/mesalte\/?p=23403"},"modified":"2022-05-02T16:46:02","modified_gmt":"2022-05-02T19:46:02","slug":"primeiro-ancora-gay-do-jornal-nacional-matheus-ribeiro-estreia-coluna-no-portal-ig","status":"publish","type":"post","link":"https:\/\/blogs.correio24horas.com.br\/mesalte\/primeiro-ancora-gay-do-jornal-nacional-matheus-ribeiro-estreia-coluna-no-portal-ig\/","title":{"rendered":"Primeiro \u00e2ncora gay do Jornal Nacional,\u00a0Matheus Ribeiro estreia coluna no Portal iG"},"content":{"rendered":"\n<p>O jornalista Matheus Ribeiro &#8211;  que trabalha na afiliada da Band em\u00a0Goi\u00e1s, ap\u00f3s ser demitido da RecordTV &#8211; \u00e9 o novo <a href=\"https:\/\/ultimosegundo.ig.com.br\/colunas\/matheus-ribeiro\/\">colunista do Portal iG<\/a>. O apresentador estreou o espa\u00e7o no iG, que leva seu nome, no \u00faltimo domingo (1\u00b0), dia do Trabalho. <\/p>\n\n\n\n<p>&#8220;Num pa\u00eds com 12 milh\u00f5es de pessoas desempregadas, sem uma agenda clara de recupera\u00e7\u00e3o econ\u00f4mica p\u00f3s-pandemia e imerso em cortinas de fuma\u00e7a no debate pol\u00edtico, temos urg\u00eancia em pensar e implantar pol\u00edticas p\u00fablicas de gera\u00e7\u00e3o de renda&#8221;, diz o primeiro texto.<\/p>\n\n\n\n<p>Al\u00e9m de textos opinativos sobre fatos da vida pol\u00edtica e cotidiana, o apresentador tamb\u00e9m vai disponibilizar v\u00eddeos do &#8220;Se Liga&#8221;, projeto multiplataforma comandado por Matheus na TV Goi\u00e2nia Band, na Interativa FM, no YouTube e nas redes sociais. &#8220;Essa parceria com o iG veio para completar o projeto do &#8216;Se Liga&#8217;, que nasceu com essa proposta de comunica\u00e7\u00e3o 360\u00b0&#8221;, explica o jornalista. <\/p>\n\n\n\n<p>Matheus Ribeiro ganhou notoriedade nacional em 2019, quando se tornou o primeiro \u00e2ncora assumidamente gay a apresentar uma edi\u00e7\u00e3o do Jornal Nacional , da TV Globo. O jornalista de Goi\u00e1s foi escolhido para representar o estado no rod\u00edzio promovido pela emissora para comemorar os 50 anos do telejornal, o mais importante do pa\u00eds.<\/p>\n\n\n\n<p>Ap\u00f3s o projeto, o apresentador deixou a TV Anhanguera, afiliada da Globo, passou pela Record DF e pela Goi\u00e2nia Band. &#8220;Acredito que no iG vou poder alcan\u00e7ar um outro p\u00fablico, que ainda n\u00e3o acompanha meu trabalho, e poder me posicionar de forma mais direta e mostrar para as pessoas um pouco mais daquilo que eu penso, de quem eu sou&#8221;, comemora Matheus.<\/p>\n","protected":false},"excerpt":{"rendered":"<p>O jornalista Matheus Ribeiro &#8211; que trabalha na afiliada da Band em\u00a0Goi\u00e1s, ap\u00f3s ser demitido da RecordTV &#8211; \u00e9 o novo colunista do Portal iG. O [&hellip;]<\/p>\n","protected":false},"author":2,"featured_media":23404,"comment_status":"open","ping_status":"open","sticky":false,"template":"","format":"image","meta":{"footnotes":""},"categories":[28,80],"tags":[2264,2265,2266],"class_list":["post-23403","post","type-post","status-publish","format-image","has-post-thumbnail","hentry","category-farofa-digital","category-home","tag-jornal-nacional","tag-matheus-ribeiro","tag-portal-ig","post_format-post-format-image"],"_links":{"self":[{"href":"https:\/\/blogs.correio24horas.com.br\/mesalte\/wp-json\/wp\/v2\/posts\/23403","targetHints":{"allow":["GET"]}}],"collection":[{"href":"https:\/\/blogs.correio24horas.com.br\/mesalte\/wp-json\/wp\/v2\/posts"}],"about":[{"href":"https:\/\/blogs.correio24horas.com.br\/mesalte\/wp-json\/wp\/v2\/types\/post"}],"author":[{"embeddable":true,"href":"https:\/\/blogs.correio24horas.com.br\/mesalte\/wp-json\/wp\/v2\/users\/2"}],"replies":[{"embeddable":true,"href":"https:\/\/blogs.correio24horas.com.br\/mesalte\/wp-json\/wp\/v2\/comments?post=23403"}],"version-history":[{"count":1,"href":"https:\/\/blogs.correio24horas.com.br\/mesalte\/wp-json\/wp\/v2\/posts\/23403\/revisions"}],"predecessor-version":[{"id":23406,"href":"https:\/\/blogs.correio24horas.com.br\/mesalte\/wp-json\/wp\/v2\/posts\/23403\/revisions\/23406"}],"wp:featuredmedia":[{"embeddable":true,"href":"https:\/\/blogs.correio24horas.com.br\/mesalte\/wp-json\/wp\/v2\/media\/23404"}],"wp:attachment":[{"href":"https:\/\/blogs.correio24horas.com.br\/mesalte\/wp-json\/wp\/v2\/media?parent=23403"}],"wp:term":[{"taxonomy":"category","embeddable":true,"href":"https:\/\/blogs.correio24horas.com.br\/mesalte\/wp-json\/wp\/v2\/categories?post=23403"},{"taxonomy":"post_tag","embeddable":true,"href":"https:\/\/blogs.correio24horas.com.br\/mesalte\/wp-json\/wp\/v2\/tags?post=23403"}],"curies":[{"name":"wp","href":"https:\/\/api.w.org\/{rel}","templated":true}]}}