{"id":23356,"date":"2022-04-17T12:19:19","date_gmt":"2022-04-17T15:19:19","guid":{"rendered":"https:\/\/blogs.correio24horas.com.br\/mesalte\/?p=23356"},"modified":"2022-04-17T12:26:37","modified_gmt":"2022-04-17T15:26:37","slug":"sobre-anitta-pabllo-vittar-e-a-reflexao-das-familias-toxicas-pascoa","status":"publish","type":"post","link":"https:\/\/blogs.correio24horas.com.br\/mesalte\/sobre-anitta-pabllo-vittar-e-a-reflexao-das-familias-toxicas-pascoa\/","title":{"rendered":"Sobre Anitta, Pabllo Vittar e a reflex\u00e3o das fam\u00edlias t\u00f3xicas na P\u00e1scoa"},"content":{"rendered":"\n<p>Afinal, como \u00e9 a P\u00e1scoa para fam\u00edlias com pessoas LGBTQIA+? O almo\u00e7o do domingo de p\u00e1scoa \u00e9 simb\u00f3lico para muitas fam\u00edlias brasileiras que seguem a cren\u00e7a no Cristo ressuscitado. Pelas normas da igreja \u00e9 um momento de reuni\u00e3o, agradecimento e reflex\u00f5es. Para quem \u00e9 uma pessoa LGBTQIA+ que convive em fam\u00edlias intolerantes e t\u00f3xicas \u00e9 mais um dia de tortura que em nada se aproxima dos valores trazidos para a terra por Jesus Cristo h\u00e1 mais de 2 mil anos. <\/p>\n\n\n\n<p>Somente na manh\u00e3 deste domingo (17) recebi no direct do Instagram do Me Salte (@me_salte) oito mensagens de pessoas LGBTQIA+ relatando a tens\u00e3o e o medo de enfrentar o almo\u00e7o de p\u00e1scoa com suas fam\u00edlias. Sim, medo. Talvez voc\u00ea que esteja lendo esse texto &#8211; se n\u00e3o for uma pessoa LGBTQIA+ &#8211; n\u00e3o consiga imaginar o que \u00e9 ter medo de sentar \u00e0 mesa com sua fam\u00edlia. <br><br>O medo \u00e9 da agress\u00e3o verbal, das viol\u00eancias psicol\u00f3gicas disfar\u00e7adas de &#8216;piadas&#8217; e at\u00e9 mesmo das viol\u00eancias f\u00edsicas. Tudo indo de encontro ao real sentido religioso da data. <br><br>A P\u00e1scoa \u00e9, para muitos crist\u00e3os, a festa de maior import\u00e2ncia do calend\u00e1rio religioso, uma vez que ressalta um acontecimento de grande import\u00e2ncia dentro da f\u00e9 crist\u00e3: a\u00a0ressurrei\u00e7\u00e3o\u00a0\u2014 entendida no cristianismo como uma demonstra\u00e7\u00e3o da divindade de Jesus.  Jesus Cristo, portanto, voluntariamente sacrificou-se para redimir a humanidade e dar-lhe uma nova chance de salva\u00e7\u00e3o. Uma vez realizado o sacr\u00edfico, o poder de Deus teria se manifestado.<\/p>\n\n\n\n<p>Fico refletindo onde essa ess\u00eancia foi perdida pelas fam\u00edlias de hoje? Uma dessas pessoas que me mandou mensagem relatou que ao chegar na casa de seus pais colocou uma playlist de m\u00fasica para tocar.  Em meio \u00e0s can\u00e7\u00f5es de samba, pagode e afins acabou tocando uma can\u00e7\u00e3o de Anitta com Pabllo Vittar. Foi o suficiente para o tio homof\u00f3bico lan\u00e7ar seu celular contra a parede. <\/p>\n\n\n\n<p>&#8220;Essa Anitta \u00e9 uma perdida (sic). Esse Pabllo uma abrera\u00e7\u00e3o (sic). Aqui nessa casa n\u00e3o tem espa\u00e7o para esse tipo de gente. V\u00b4a embora agora seu invertido (sic)&#8221;, ouviu o jovem de 21 anos que mora em Salvador e encarou mais de 700 km de viagem de \u00f4nibus para passar a p\u00e1scoa com a fam\u00edlia no interior da Bahia. <\/p>\n\n\n\n<figure class=\"wp-block-embed-youtube wp-block-embed is-type-video is-provider-youtube wp-embed-aspect-16-9 wp-has-aspect-ratio\"><div class=\"wp-block-embed__wrapper\">\n<iframe loading=\"lazy\" title=\"Major Lazer - Sua Cara (Feat. Anitta &amp; Pabllo Vittar) (Official Music Video)\" width=\"1200\" height=\"675\" src=\"https:\/\/www.youtube.com\/embed\/omzk3klIy0E?feature=oembed\" frameborder=\"0\" allow=\"accelerometer; autoplay; clipboard-write; encrypted-media; gyroscope; picture-in-picture\" allowfullscreen><\/iframe>\n<\/div><\/figure>\n\n\n\n<p>Onde est\u00e1 o amor e afeto crist\u00e3o dessas fam\u00b4\u00edlias? Como uma m\u00fasica &#8211; REPITO: UMA M\u00daSICA &#8211; pode causar tanta disc\u00f3rdia no seio familiar numa data onde o amor, a toler\u00e2ncia e o perd\u00e3o deveriam ser a t\u00f4nica do momento?<\/p>\n\n\n\n<p>Infelizmente, n\u00e3o \u00e9 a m\u00fasica. N\u00f3s, que somos pessoas LGBTQIA+, sabemos disso. Nossa exist\u00eancia e nossa presen\u00e7a incomoda. Anitta &#8211; uma mulher favelada que com seu trabalho chegou no topo do mundo incomoda. Pabllo Vittar, drag queen do Maranh\u00e3o que \u00e9 conhecida internacionalmente. <\/p>\n\n\n\n<p>Incomodamos por existirmos. Incomodamos por lutar por nossos direitos. Incomodamos por querermos o b\u00e1sico: respeito! <\/p>\n\n\n\n<p>E, se as fam\u00edlias n\u00e3o est\u00e3o dispostas a isso nem mesmo em um dia com a P\u00e1scoa \u00e9 porque o equ\u00edcovo n\u00e3o \u00e9 nosso. As fam\u00edlias t\u00f3xicas precisam rever suas cren\u00e7as e se inspirar de fato nos princ\u00edpios de Jesus Cristo que eram de toler\u00e2ncia, amor e afeto independente de ra\u00e7a, credo, g\u00eanero ou sexualidade. <\/p>\n\n\n\n<p>Que tal aproveitar a p\u00e1scoa, hoje, para fazer essa reflex\u00e3o?<\/p>\n\n\n\n<p>Foto: Reprodu\u00e7\u00e3o\/Redes Sociais <\/p>\n","protected":false},"excerpt":{"rendered":"<p>Afinal, como \u00e9 a P\u00e1scoa para fam\u00edlias com pessoas LGBTQIA+? O almo\u00e7o do domingo de p\u00e1scoa \u00e9 simb\u00f3lico para muitas fam\u00edlias brasileiras que seguem a cren\u00e7a [&hellip;]<\/p>\n","protected":false},"author":1,"featured_media":23365,"comment_status":"open","ping_status":"open","sticky":false,"template":"","format":"standard","meta":{"footnotes":""},"categories":[80],"tags":[33,1021],"class_list":["post-23356","post","type-post","status-publish","format-standard","has-post-thumbnail","hentry","category-home","tag-gay","tag-pascoa"],"_links":{"self":[{"href":"https:\/\/blogs.correio24horas.com.br\/mesalte\/wp-json\/wp\/v2\/posts\/23356","targetHints":{"allow":["GET"]}}],"collection":[{"href":"https:\/\/blogs.correio24horas.com.br\/mesalte\/wp-json\/wp\/v2\/posts"}],"about":[{"href":"https:\/\/blogs.correio24horas.com.br\/mesalte\/wp-json\/wp\/v2\/types\/post"}],"author":[{"embeddable":true,"href":"https:\/\/blogs.correio24horas.com.br\/mesalte\/wp-json\/wp\/v2\/users\/1"}],"replies":[{"embeddable":true,"href":"https:\/\/blogs.correio24horas.com.br\/mesalte\/wp-json\/wp\/v2\/comments?post=23356"}],"version-history":[{"count":11,"href":"https:\/\/blogs.correio24horas.com.br\/mesalte\/wp-json\/wp\/v2\/posts\/23356\/revisions"}],"predecessor-version":[{"id":23368,"href":"https:\/\/blogs.correio24horas.com.br\/mesalte\/wp-json\/wp\/v2\/posts\/23356\/revisions\/23368"}],"wp:featuredmedia":[{"embeddable":true,"href":"https:\/\/blogs.correio24horas.com.br\/mesalte\/wp-json\/wp\/v2\/media\/23365"}],"wp:attachment":[{"href":"https:\/\/blogs.correio24horas.com.br\/mesalte\/wp-json\/wp\/v2\/media?parent=23356"}],"wp:term":[{"taxonomy":"category","embeddable":true,"href":"https:\/\/blogs.correio24horas.com.br\/mesalte\/wp-json\/wp\/v2\/categories?post=23356"},{"taxonomy":"post_tag","embeddable":true,"href":"https:\/\/blogs.correio24horas.com.br\/mesalte\/wp-json\/wp\/v2\/tags?post=23356"}],"curies":[{"name":"wp","href":"https:\/\/api.w.org\/{rel}","templated":true}]}}