{"id":23354,"date":"2022-04-17T11:53:13","date_gmt":"2022-04-17T14:53:13","guid":{"rendered":"https:\/\/blogs.correio24horas.com.br\/mesalte\/?p=23354"},"modified":"2022-04-17T11:53:32","modified_gmt":"2022-04-17T14:53:32","slug":"editora-dialogos-insubmissos-abre-inscricoes-para-formacao-e-aperfeicoamento-de-docentes-no-nordeste","status":"publish","type":"post","link":"https:\/\/blogs.correio24horas.com.br\/mesalte\/editora-dialogos-insubmissos-abre-inscricoes-para-formacao-e-aperfeicoamento-de-docentes-no-nordeste\/","title":{"rendered":"Editora Di\u00e1logos Insubmissos abre inscri\u00e7\u00f5es para forma\u00e7\u00e3o e aperfei\u00e7oamento de docentes no Nordeste"},"content":{"rendered":"\n<p>Com o objetivo de promover a cirula\u00e7\u00e3o e leitura da produ\u00e7\u00e3o intelectual de mulheres negras, a Editora Di\u00e1logos Insubmissos realizar\u00e1 de 07 de maio a 18 de junho a I Forma\u00e7\u00e3o e Aperfei\u00e7oamento Docente, voltada para professoras negras e professores negros, em atua\u00e7\u00e3o em sala de aula da educa\u00e7\u00e3o b\u00e1sica da rede p\u00fablica da regi\u00e3o Nordeste brasileira. As inscri\u00e7\u00f5es para participar da forma\u00e7\u00e3o ocorrem de 18 a 22 de abril, atrav\u00e9s de formul\u00e1rio disponibilizado em link na BIO no Instagram @editoradialogosinsubmissos.<\/p>\n\n\n\n<p>A forma\u00e7\u00e3o conta com a parceria do Grupo de Pesquisa Di\u00e1spora: Grupo de Estudos em Pr\u00e1ticas Musicais, Afrodiasp\u00f3ricas e seus Atravessamentos, da Universidade Estadual de Feira de Santana (UEFS) e da Funda\u00e7\u00e3o Rosa Luxemburgo (FRL), que enviar\u00e1 via correio material did\u00e1tico base da forma\u00e7\u00e3o, composto por quatro publica\u00e7\u00f5es intelectuais de mulheres negras: Vozes Insurgentes de Mulheres Negras (2019); Radical Imagina\u00e7\u00e3o Pol\u00edtica de Mulheres Negras (2020); Insubmiss\u00e3o Intelectual de Mulheres Negras Nordestinas (2021) e o e-book Slam Insubmisso 2021 &#8211; Edi\u00e7\u00e3o Especial Autoras Nordestinas (2021), todas dispon\u00edveis em PDF para download no site da FRL.<\/p>\n\n\n\n<p>Com 120 horas no total, esta primeira forma\u00e7\u00e3o promovida pela Editora Di\u00e1logos Insubmissos, traz sete linhas tem\u00e1ticas, que abrangem reflex\u00f5es nos campos das artes e suas po\u00e9ticas, literatura, geopol\u00edtica, educa\u00e7\u00e3o, g\u00eanero, ra\u00e7a e sexualidades. Para reafirmar estas pautas foram convidadas\/os profissionais com experi\u00eancia docente e pesquisas acad\u00eamicas que transversalizam as tem\u00e1ticas com as obras a serem trabalhadas na forma\u00e7\u00e3o.<\/p>\n\n\n\n<p>A idealizadora da Editora Di\u00e1logos Insubmissos, Dayse Sacramento, que atua h\u00e1 19 anos no ensino p\u00fablico baiano &#8211; estadual e federal, hoje professora de L\u00edngua Portuguesa do IFBA, dar\u00e1 in\u00edcio a forma\u00e7\u00e3o com o curso \u201cInsubmiss\u00e3o da Literatura de Mulheres Negras\u201d, a fim de provocar uma reflex\u00e3o acerca de produ\u00e7\u00f5es liter\u00e1rias de mulheres negras no Brasil entre os s\u00e9culos XIX e XXI.<\/p>\n\n\n\n<p>As aulas da I Forma\u00e7\u00e3o e Aperfei\u00e7oamento de Docentes ocorrer\u00e3o sempre aos s\u00e1bados, de 09h \u00e0s 17h, totalmente on-line &#8211; s\u00edncronas (zoom) e ass\u00edncronas (google classroom). Docentes pretas e pretos que participarem do aperfei\u00e7oamento receber\u00e3o Certificado de 120h emitido pela Di\u00e1logos Insubmissos, pelo grupo de pesquisa Di\u00e1spora (UEFS) e pela Funda\u00e7\u00e3o Rosa Luxemburgo.<\/p>\n\n\n\n<p>Servi\u00e7o<br>\nO qu\u00ea &#8211; I Forma\u00e7\u00e3o e Aperfei\u00e7oamento de Docentes Pretes da Editora Di\u00e1logos Insubmissos<br>\nInscri\u00e7\u00e3o &#8211; de 18 a 22 de abril<br>\nOnde &#8211; Formul\u00e1rio na BIO do perfil no Instagram da Editora @editoradialogosinsubmissos<\/p>\n","protected":false},"excerpt":{"rendered":"<p>Com o objetivo de promover a cirula\u00e7\u00e3o e leitura da produ\u00e7\u00e3o intelectual de mulheres negras, a Editora Di\u00e1logos Insubmissos realizar\u00e1 de 07 de maio a 18 [&hellip;]<\/p>\n","protected":false},"author":2,"featured_media":0,"comment_status":"open","ping_status":"open","sticky":false,"template":"","format":"standard","meta":{"footnotes":""},"categories":[80,11],"tags":[],"class_list":["post-23354","post","type-post","status-publish","format-standard","hentry","category-home","category-me-informo"],"_links":{"self":[{"href":"https:\/\/blogs.correio24horas.com.br\/mesalte\/wp-json\/wp\/v2\/posts\/23354","targetHints":{"allow":["GET"]}}],"collection":[{"href":"https:\/\/blogs.correio24horas.com.br\/mesalte\/wp-json\/wp\/v2\/posts"}],"about":[{"href":"https:\/\/blogs.correio24horas.com.br\/mesalte\/wp-json\/wp\/v2\/types\/post"}],"author":[{"embeddable":true,"href":"https:\/\/blogs.correio24horas.com.br\/mesalte\/wp-json\/wp\/v2\/users\/2"}],"replies":[{"embeddable":true,"href":"https:\/\/blogs.correio24horas.com.br\/mesalte\/wp-json\/wp\/v2\/comments?post=23354"}],"version-history":[{"count":1,"href":"https:\/\/blogs.correio24horas.com.br\/mesalte\/wp-json\/wp\/v2\/posts\/23354\/revisions"}],"predecessor-version":[{"id":23355,"href":"https:\/\/blogs.correio24horas.com.br\/mesalte\/wp-json\/wp\/v2\/posts\/23354\/revisions\/23355"}],"wp:attachment":[{"href":"https:\/\/blogs.correio24horas.com.br\/mesalte\/wp-json\/wp\/v2\/media?parent=23354"}],"wp:term":[{"taxonomy":"category","embeddable":true,"href":"https:\/\/blogs.correio24horas.com.br\/mesalte\/wp-json\/wp\/v2\/categories?post=23354"},{"taxonomy":"post_tag","embeddable":true,"href":"https:\/\/blogs.correio24horas.com.br\/mesalte\/wp-json\/wp\/v2\/tags?post=23354"}],"curies":[{"name":"wp","href":"https:\/\/api.w.org\/{rel}","templated":true}]}}