{"id":23352,"date":"2022-04-17T11:42:59","date_gmt":"2022-04-17T14:42:59","guid":{"rendered":"https:\/\/blogs.correio24horas.com.br\/mesalte\/?p=23352"},"modified":"2022-04-18T18:02:01","modified_gmt":"2022-04-18T21:02:01","slug":"casarao-da-diversidade-promove-feira-de-informacao-e-cidadania-em-salvador","status":"publish","type":"post","link":"https:\/\/blogs.correio24horas.com.br\/mesalte\/casarao-da-diversidade-promove-feira-de-informacao-e-cidadania-em-salvador\/","title":{"rendered":"Casar\u00e3o da Diversidade promove feira de informa\u00e7\u00e3o e cidadania em Salvador"},"content":{"rendered":"\n<p>A Secretaria de Justi\u00e7a, Direitos Humanos e Desenvolvimento Social da Bahia (SJDHDS), realiza, na pr\u00f3xima quarta-feira (27), a primeira edi\u00e7\u00e3o da &#8220;Feira da Diversidade: Informa\u00e7\u00e3o e Cidadania\u201d. A a\u00e7\u00e3o acontece no Casar\u00e3o da Diversidade, em Salvador, e tem o objetivo de promover acesso \u00e0 direitos e servi\u00e7os de cidadania para pessoas LGBTQIA+ em situa\u00e7\u00e3o de vulnerabilidade social.<\/p>\n\n\n\n<p>A feira ocorrer\u00e1 das 13h30 \u00e0s 17h30 e disponibilizar\u00e1 servi\u00e7os como atualiza\u00e7\u00e3o e pr\u00e9-cadastro de Cad\u00danico; retifica\u00e7\u00e3o de nome social; emiss\u00e3o para segunda via de Certid\u00e3o de Nascimento e RG; emiss\u00e3o de ID Jovem; emiss\u00e3o de 1\u00aa vida de T\u00edtulo de Eleitor; testagem e distribui\u00e7\u00e3o de kits de preven\u00e7\u00e3o IST\u2019s; atendimento Procon-BA; dispensa de PREP e bazar.<\/p>\n\n\n\n<p>A iniciativa \u00e9 fruto de uma parceira da SJDHDS e a prefeitura de Salvador com o organiza\u00e7\u00f5es como as M\u00e3es do Arco-\u00cdris, Atra\u00e7\u00e3o, ABGLT, F\u00f3rum Baiano LGBT, Prepara Salvador, Chama para Dan\u00e7ar e Gapa-BA.<\/p>\n\n\n\n<p><strong>SERVI\u00c7O<br><\/strong>O que: 1\u00aa Feira da Diversidade: Informa\u00e7\u00e3o e Cidadania<br>Quando: Quarta-feira, 27\/04<br>Onde: Casar\u00e3o da Diversidade (Rua do Tijolo, N\u00ba 8, em Salvador)<\/p>\n\n\n\n<p><\/p>\n\n\n\n<p><\/p>\n\n\n\n<p>O evento aconteceria no dia 21 mas em fun\u00e7\u00e3o das chuvas foi adiado para dia 27.<\/p>\n","protected":false},"excerpt":{"rendered":"<p>A Secretaria de Justi\u00e7a, Direitos Humanos e Desenvolvimento Social da Bahia (SJDHDS), realiza, na pr\u00f3xima quarta-feira (27), a primeira edi\u00e7\u00e3o da &#8220;Feira da Diversidade: Informa\u00e7\u00e3o e [&hellip;]<\/p>\n","protected":false},"author":3,"featured_media":6032,"comment_status":"open","ping_status":"open","sticky":false,"template":"","format":"standard","meta":{"footnotes":""},"categories":[80,11],"tags":[],"class_list":["post-23352","post","type-post","status-publish","format-standard","has-post-thumbnail","hentry","category-home","category-me-informo"],"_links":{"self":[{"href":"https:\/\/blogs.correio24horas.com.br\/mesalte\/wp-json\/wp\/v2\/posts\/23352","targetHints":{"allow":["GET"]}}],"collection":[{"href":"https:\/\/blogs.correio24horas.com.br\/mesalte\/wp-json\/wp\/v2\/posts"}],"about":[{"href":"https:\/\/blogs.correio24horas.com.br\/mesalte\/wp-json\/wp\/v2\/types\/post"}],"author":[{"embeddable":true,"href":"https:\/\/blogs.correio24horas.com.br\/mesalte\/wp-json\/wp\/v2\/users\/3"}],"replies":[{"embeddable":true,"href":"https:\/\/blogs.correio24horas.com.br\/mesalte\/wp-json\/wp\/v2\/comments?post=23352"}],"version-history":[{"count":2,"href":"https:\/\/blogs.correio24horas.com.br\/mesalte\/wp-json\/wp\/v2\/posts\/23352\/revisions"}],"predecessor-version":[{"id":23369,"href":"https:\/\/blogs.correio24horas.com.br\/mesalte\/wp-json\/wp\/v2\/posts\/23352\/revisions\/23369"}],"wp:featuredmedia":[{"embeddable":true,"href":"https:\/\/blogs.correio24horas.com.br\/mesalte\/wp-json\/wp\/v2\/media\/6032"}],"wp:attachment":[{"href":"https:\/\/blogs.correio24horas.com.br\/mesalte\/wp-json\/wp\/v2\/media?parent=23352"}],"wp:term":[{"taxonomy":"category","embeddable":true,"href":"https:\/\/blogs.correio24horas.com.br\/mesalte\/wp-json\/wp\/v2\/categories?post=23352"},{"taxonomy":"post_tag","embeddable":true,"href":"https:\/\/blogs.correio24horas.com.br\/mesalte\/wp-json\/wp\/v2\/tags?post=23352"}],"curies":[{"name":"wp","href":"https:\/\/api.w.org\/{rel}","templated":true}]}}