{"id":23349,"date":"2022-04-14T17:12:53","date_gmt":"2022-04-14T20:12:53","guid":{"rendered":"https:\/\/blogs.correio24horas.com.br\/mesalte\/?p=23349"},"modified":"2022-04-20T20:41:41","modified_gmt":"2022-04-20T23:41:41","slug":"baile-da-maga-de-margareth-menezesm-tera-edicao-especial-com-participacao-de-daniela-mercury","status":"publish","type":"post","link":"https:\/\/blogs.correio24horas.com.br\/mesalte\/baile-da-maga-de-margareth-menezesm-tera-edicao-especial-com-participacao-de-daniela-mercury\/","title":{"rendered":"Baile da Maga, de Margareth Menezesm ter\u00e1 edi\u00e7\u00e3o especial com participa\u00e7\u00e3o de Daniela Mercury"},"content":{"rendered":"\n<p>Salvador recebe pela primeira vez o <strong>Baile da Maga<\/strong>, projeto festivo da cantora e compositora <strong>Margareth Menezes<\/strong>, que celebra a vibra\u00e7\u00e3o e a energia do maior Carnaval de rua do mundo. O show acontecer\u00e1 no pr\u00f3ximo dia 23 de abril, \u00e0s 17h, no <strong>Sollar Ba\u00eda<\/strong>, no MAM, e ter\u00e1 como convidada especial a artista <strong>Daniela Mercury<\/strong>. Os ingressos est\u00e3o \u00e0 venda no<strong> Sympla<\/strong>.<br><\/p>\n\n\n\n<p>Maga leva ao palco do Sollar toda a sua pot\u00eancia vocal, com um repert\u00f3rio recheado de cl\u00e1ssicos de Carnaval, que perpassam por hits de carreira. No setlist, a novidade do lan\u00e7amento mais recente da artista, a m\u00fasica \u201cTerra Af\u00e9f\u00e9\u201d, can\u00e7\u00e3o potente composta em parceria com Carlinhos Brown, dispon\u00edvel em todas as plataformas digitais de m\u00fasica, al\u00e9m de cl\u00e1ssicos da folia baiana como \u201cDandalunda\u201d, \u201cElegib\u00f4\u201d e \u201cFara\u00f3\u201d. O DJ baiano Roger\u2019N Roll far\u00e1 a abertura do evento tendo como pano de fundo o p\u00f4r do sol da Ba\u00eda de Todos os Santos. O espa\u00e7o conta ainda com amplo espa\u00e7o gastron\u00f4mico, com restaurantes&nbsp;<br><\/p>\n\n\n\n<p>Criado em 2020, o Baile da Maga contou com edi\u00e7\u00f5es em S\u00e3o Paulo e, durante a pandemia, teve uma edi\u00e7\u00e3o especial na Concha Ac\u00fastica do Teatro Castro Alves, em parceria com o canal Multishow, no formato de live. Os ingressos est\u00e3o \u00e0 venda no Sympla, a R$ 90, pelo link <a href=\"https:\/\/www.sympla.com.br\/baile-da-maga__1527391\" target=\"_blank\" rel=\"noreferrer noopener\">www.sympla.com.br\/baile-da-maga__1527391<\/a>. Est\u00e3o sendo cumpridos todos os protocolos de seguran\u00e7a e sa\u00fade. Para acesso, \u00e9 necess\u00e1rio apresentar cart\u00e3o de vacina\u00e7\u00e3o completo para Covid-19.<br><br><strong>Servi\u00e7o:<\/strong><\/p>\n\n\n\n<p><strong>Baile da Maga &#8211; participa\u00e7\u00e3o especial: Daniela Mercury<\/strong><br><strong>Data: <\/strong>23 de abril de 2022 (s\u00e1bado)<strong><br>Local: <\/strong>Sollar Ba\u00eda &#8211; Museu de Arte Moderna da Bahia<br><strong>Hor\u00e1rio: <\/strong>17h<br><strong>Ingressos:<\/strong> R$ 100, \u00e0 venda no Sympla (<a rel=\"noreferrer noopener\" href=\"https:\/\/www.sympla.com.br\/baile-da-maga__1527391\" target=\"_blank\">www.sympla.com.br\/baile-da-maga__1527391<\/a>) <\/p>\n","protected":false},"excerpt":{"rendered":"<p>Salvador recebe pela primeira vez o Baile da Maga, projeto festivo da cantora e compositora Margareth Menezes, que celebra a vibra\u00e7\u00e3o e a energia do maior [&hellip;]<\/p>\n","protected":false},"author":3,"featured_media":23350,"comment_status":"open","ping_status":"open","sticky":false,"template":"","format":"standard","meta":{"footnotes":""},"categories":[80],"tags":[],"class_list":["post-23349","post","type-post","status-publish","format-standard","has-post-thumbnail","hentry","category-home"],"_links":{"self":[{"href":"https:\/\/blogs.correio24horas.com.br\/mesalte\/wp-json\/wp\/v2\/posts\/23349","targetHints":{"allow":["GET"]}}],"collection":[{"href":"https:\/\/blogs.correio24horas.com.br\/mesalte\/wp-json\/wp\/v2\/posts"}],"about":[{"href":"https:\/\/blogs.correio24horas.com.br\/mesalte\/wp-json\/wp\/v2\/types\/post"}],"author":[{"embeddable":true,"href":"https:\/\/blogs.correio24horas.com.br\/mesalte\/wp-json\/wp\/v2\/users\/3"}],"replies":[{"embeddable":true,"href":"https:\/\/blogs.correio24horas.com.br\/mesalte\/wp-json\/wp\/v2\/comments?post=23349"}],"version-history":[{"count":2,"href":"https:\/\/blogs.correio24horas.com.br\/mesalte\/wp-json\/wp\/v2\/posts\/23349\/revisions"}],"predecessor-version":[{"id":23373,"href":"https:\/\/blogs.correio24horas.com.br\/mesalte\/wp-json\/wp\/v2\/posts\/23349\/revisions\/23373"}],"wp:featuredmedia":[{"embeddable":true,"href":"https:\/\/blogs.correio24horas.com.br\/mesalte\/wp-json\/wp\/v2\/media\/23350"}],"wp:attachment":[{"href":"https:\/\/blogs.correio24horas.com.br\/mesalte\/wp-json\/wp\/v2\/media?parent=23349"}],"wp:term":[{"taxonomy":"category","embeddable":true,"href":"https:\/\/blogs.correio24horas.com.br\/mesalte\/wp-json\/wp\/v2\/categories?post=23349"},{"taxonomy":"post_tag","embeddable":true,"href":"https:\/\/blogs.correio24horas.com.br\/mesalte\/wp-json\/wp\/v2\/tags?post=23349"}],"curies":[{"name":"wp","href":"https:\/\/api.w.org\/{rel}","templated":true}]}}