{"id":23236,"date":"2022-01-28T23:38:42","date_gmt":"2022-01-29T02:38:42","guid":{"rendered":"https:\/\/blogs.correio24horas.com.br\/mesalte\/?p=23236"},"modified":"2022-01-29T00:09:49","modified_gmt":"2022-01-29T03:09:49","slug":"exposicao-marca-dia-nacional-da-visibilidade-trans-em-salvador","status":"publish","type":"post","link":"https:\/\/blogs.correio24horas.com.br\/mesalte\/exposicao-marca-dia-nacional-da-visibilidade-trans-em-salvador\/","title":{"rendered":"Exposi\u00e7\u00e3o marca Dia Nacional da Visibilidade Trans em Salvador"},"content":{"rendered":"\n<p>O Centro Municipal de Refer\u00eancia LGBT+ Vida Bruno, vinculado \u00e0 Secretaria da Repara\u00e7\u00e3o (Semur), iniciou nesta sexta-feira (28) a exposi\u00e7\u00e3o \u201cPessoas Trans Inspiradoras: trajet\u00f3rias sociais e vida profissional trans na cidade de Salvador\u201d. O evento marca o Dia Nacional da Visibilidade Trans, comemorado neste s\u00e1bado (29), e visa fortalecer os direitos humanos e o respeito \u00e0 identidade de g\u00eanero e orienta\u00e7\u00e3o sexual das pessoas trans, al\u00e9m de sensibilizar a sociedade para uma maior inser\u00e7\u00e3o nos contextos sociais, de trabalho e forma\u00e7\u00e3o acad\u00eamica deste p\u00fablico.<\/p>\n\n\n\n<p>A exposi\u00e7\u00e3o fotogr\u00e1fica pode ser visitada na sede do Centro Municipal de Refer\u00eancia LGBT+ Vida Bruno, que est\u00e1 localizado no bairro do Rio Vermelho. A mostra gratuita re\u00fane 20 fotos de personalidades trans de Salvador, como Leo Kret do Brasil, Alana Carvalho, Tuka Perez, Vivi Cerqueira e segue at\u00e9 o dia 28 de fevereiro.&nbsp;<\/p>\n\n\n\n<p>\u201cCada pessoa dessa que est\u00e1 fazendo parte da mostra fotogr\u00e1fica representa uma personalidade trans do cen\u00e1rio soteropolitano, sejam ela ativistas ou que j\u00e1 atuam na causa, mas que servem de inspira\u00e7\u00e3o para outras pessoas trans. A ideia \u00e9 justamente trazer essa representatividade na semana que marca o Dia Nacional da Visibilidade Trans\u201d, disse a psic\u00f3loga do Centro, Sarah Amorim.<\/p>\n\n\n\n<p>Um dos personagens da exposi\u00e7\u00e3o, o recepcionista do equipamento, Kleydson Marley, de 36 anos, destacou a representatividade da mostra. \u201cEssa exposi\u00e7\u00e3o \u00e9 uma forma de dar mais visibilidade \u00e0s pessoas trans que, infelizmente, ainda seguem invis\u00edveis. Acima de tudo, eu pe\u00e7o mais empatia, para que as pessoas, antes de julgar, se coloquem no lugar das outras\u201d.&nbsp;<\/p>\n\n\n\n<p><strong>Programa\u00e7\u00e3o<\/strong>&nbsp;\u2014 Como parte da programa\u00e7\u00e3o ao Dia Nacional da Visibilidade Trans, no dia 3 de fevereiro, \u00e0s 14h, haver\u00e1 uma roda de conversa on-line onde pessoas trans falar\u00e3o sobre suas motiva\u00e7\u00f5es e as diversas inspira\u00e7\u00f5es sobre as pr\u00f3prias experi\u00eancias no mercado de trabalho na cidade de Salvador.<\/p>\n","protected":false},"excerpt":{"rendered":"<p>O Centro Municipal de Refer\u00eancia LGBT+ Vida Bruno, vinculado \u00e0 Secretaria da Repara\u00e7\u00e3o (Semur), iniciou nesta sexta-feira (28) a exposi\u00e7\u00e3o \u201cPessoas Trans Inspiradoras: trajet\u00f3rias sociais e [&hellip;]<\/p>\n","protected":false},"author":1,"featured_media":0,"comment_status":"open","ping_status":"open","sticky":false,"template":"","format":"standard","meta":{"footnotes":""},"categories":[80,9],"tags":[],"class_list":["post-23236","post","type-post","status-publish","format-standard","hentry","category-home","category-me-orgulho"],"_links":{"self":[{"href":"https:\/\/blogs.correio24horas.com.br\/mesalte\/wp-json\/wp\/v2\/posts\/23236","targetHints":{"allow":["GET"]}}],"collection":[{"href":"https:\/\/blogs.correio24horas.com.br\/mesalte\/wp-json\/wp\/v2\/posts"}],"about":[{"href":"https:\/\/blogs.correio24horas.com.br\/mesalte\/wp-json\/wp\/v2\/types\/post"}],"author":[{"embeddable":true,"href":"https:\/\/blogs.correio24horas.com.br\/mesalte\/wp-json\/wp\/v2\/users\/1"}],"replies":[{"embeddable":true,"href":"https:\/\/blogs.correio24horas.com.br\/mesalte\/wp-json\/wp\/v2\/comments?post=23236"}],"version-history":[{"count":1,"href":"https:\/\/blogs.correio24horas.com.br\/mesalte\/wp-json\/wp\/v2\/posts\/23236\/revisions"}],"predecessor-version":[{"id":23237,"href":"https:\/\/blogs.correio24horas.com.br\/mesalte\/wp-json\/wp\/v2\/posts\/23236\/revisions\/23237"}],"wp:attachment":[{"href":"https:\/\/blogs.correio24horas.com.br\/mesalte\/wp-json\/wp\/v2\/media?parent=23236"}],"wp:term":[{"taxonomy":"category","embeddable":true,"href":"https:\/\/blogs.correio24horas.com.br\/mesalte\/wp-json\/wp\/v2\/categories?post=23236"},{"taxonomy":"post_tag","embeddable":true,"href":"https:\/\/blogs.correio24horas.com.br\/mesalte\/wp-json\/wp\/v2\/tags?post=23236"}],"curies":[{"name":"wp","href":"https:\/\/api.w.org\/{rel}","templated":true}]}}