{"id":23233,"date":"2022-01-28T23:23:51","date_gmt":"2022-01-29T02:23:51","guid":{"rendered":"https:\/\/blogs.correio24horas.com.br\/mesalte\/?p=23233"},"modified":"2022-01-28T23:23:53","modified_gmt":"2022-01-29T02:23:53","slug":"alinne-rosa-cortejo-afro-e-ministereo-publico-no-pelo","status":"publish","type":"post","link":"https:\/\/blogs.correio24horas.com.br\/mesalte\/alinne-rosa-cortejo-afro-e-ministereo-publico-no-pelo\/","title":{"rendered":"Alinne Rosa, Cortejo Afro e Ministereo P\u00fablico no Pel\u00f4"},"content":{"rendered":"\n<p>O Cortejo Afro segue com a sua tradicional temporada de Ensaios. Nesta segunda-feira (31), recebe como convidados Alinne Rosa e Ministereo P\u00fablico Sound System. A apresenta\u00e7\u00e3o acontece no Largo da Tieta &#8211; Pelourinho, a partir das 21 horas. Os ingressos antecipados j\u00e1 est\u00e3o \u00e0 venda nos sites <a href=\"http:\/\/www.sanfolia.com\">www.sanfolia.com<\/a> ou <a href=\"http:\/\/www.bilheteriadigital.com\">www.bilheteriadigital.com<\/a> .<\/p>\n\n\n\n<p>Na abertura do evento, o Ministereo P\u00fablico Sound System apresenta a sua experi\u00eancia musical com seus sons potentes, capazes de despertar no p\u00fablico momentos de reflex\u00f5es sem deixar de ser contagiante e muito dan\u00e7ante. Em seguida, com repert\u00f3rio recheado de sucessos, o Cortejo Afro sobe no palco. Durante o show n\u00e3o v\u00e3o faltar a batida percussiva e experi\u00eancias est\u00e9ticas, que unem dan\u00e7a, m\u00fasica e artes visuais em um mesmo espet\u00e1culo. Para rechear a noite com cl\u00e1ssicos da Ax\u00e9 Music, a banda recebe Alinne Rosa para juntos cantar novos e antigos sucessos.<\/p>\n\n\n\n<p>Para cumprimento do art. 3\u00ba do Decreto n\u00ba 20.658 de 20\/08\/2021, do Governo do Estado da Bahia, o certificado de ciclo de vacina\u00e7\u00e3o completo ser\u00e1 cobrado na entrada (duas doses ou dose \u00fanica da vacina) com, no m\u00ednimo, 15 dias de anteced\u00eancia. \u00c9 obrigat\u00f3ria a apresenta\u00e7\u00e3o da Carteira de Vacina\u00e7\u00e3o (vers\u00e3o impressa ou digital).<\/p>\n\n\n\n<p><strong>Servi\u00e7o:<\/strong><br>Ensaio do Cortejo Afro<\/p>\n\n\n\n<p>Convidados: Alinne Rosa e Ministereo P\u00fablico Sound System<\/p>\n\n\n\n<p>Ingressos: R$ 50 (1\u00ba lote \u2013 meia \/ promocional) \/ R$100 (inteira)<\/p>\n\n\n\n<p>Abertura: DJ<\/p>\n\n\n\n<p>Quando: Segunda-feira, 31\/01\/2022<\/p>\n\n\n\n<p>Hor\u00e1rio: Abertura dos port\u00f5es 19h<\/p>\n\n\n\n<p>In\u00edcio do show: 21h<\/p>\n\n\n\n<p>Onde: Largo da Tieta &#8211; Rua das Laranjeiras \u2013 Pelourinho<\/p>\n","protected":false},"excerpt":{"rendered":"<p>O Cortejo Afro segue com a sua tradicional temporada de Ensaios. Nesta segunda-feira (31), recebe como convidados Alinne Rosa e Ministereo P\u00fablico Sound System. A apresenta\u00e7\u00e3o [&hellip;]<\/p>\n","protected":false},"author":1,"featured_media":23234,"comment_status":"open","ping_status":"open","sticky":false,"template":"","format":"standard","meta":{"footnotes":""},"categories":[28,80],"tags":[],"class_list":["post-23233","post","type-post","status-publish","format-standard","has-post-thumbnail","hentry","category-farofa-digital","category-home"],"_links":{"self":[{"href":"https:\/\/blogs.correio24horas.com.br\/mesalte\/wp-json\/wp\/v2\/posts\/23233","targetHints":{"allow":["GET"]}}],"collection":[{"href":"https:\/\/blogs.correio24horas.com.br\/mesalte\/wp-json\/wp\/v2\/posts"}],"about":[{"href":"https:\/\/blogs.correio24horas.com.br\/mesalte\/wp-json\/wp\/v2\/types\/post"}],"author":[{"embeddable":true,"href":"https:\/\/blogs.correio24horas.com.br\/mesalte\/wp-json\/wp\/v2\/users\/1"}],"replies":[{"embeddable":true,"href":"https:\/\/blogs.correio24horas.com.br\/mesalte\/wp-json\/wp\/v2\/comments?post=23233"}],"version-history":[{"count":1,"href":"https:\/\/blogs.correio24horas.com.br\/mesalte\/wp-json\/wp\/v2\/posts\/23233\/revisions"}],"predecessor-version":[{"id":23235,"href":"https:\/\/blogs.correio24horas.com.br\/mesalte\/wp-json\/wp\/v2\/posts\/23233\/revisions\/23235"}],"wp:featuredmedia":[{"embeddable":true,"href":"https:\/\/blogs.correio24horas.com.br\/mesalte\/wp-json\/wp\/v2\/media\/23234"}],"wp:attachment":[{"href":"https:\/\/blogs.correio24horas.com.br\/mesalte\/wp-json\/wp\/v2\/media?parent=23233"}],"wp:term":[{"taxonomy":"category","embeddable":true,"href":"https:\/\/blogs.correio24horas.com.br\/mesalte\/wp-json\/wp\/v2\/categories?post=23233"},{"taxonomy":"post_tag","embeddable":true,"href":"https:\/\/blogs.correio24horas.com.br\/mesalte\/wp-json\/wp\/v2\/tags?post=23233"}],"curies":[{"name":"wp","href":"https:\/\/api.w.org\/{rel}","templated":true}]}}