{"id":23231,"date":"2022-01-28T20:01:25","date_gmt":"2022-01-28T23:01:25","guid":{"rendered":"https:\/\/blogs.correio24horas.com.br\/mesalte\/?p=23231"},"modified":"2022-01-28T20:01:28","modified_gmt":"2022-01-28T23:01:28","slug":"bahia-e-o-2o-estado-do-brasil-com-mais-assassinatos-de-pessoas-trans-e-travestis","status":"publish","type":"post","link":"https:\/\/blogs.correio24horas.com.br\/mesalte\/bahia-e-o-2o-estado-do-brasil-com-mais-assassinatos-de-pessoas-trans-e-travestis\/","title":{"rendered":"Bahia \u00e9 o 2\u00ba estado do Brasil com mais assassinatos de pessoas trans e travestis"},"content":{"rendered":"\n<p>A Bahia saiu da terceira para segunda posi\u00e7\u00e3o no ranking de assassinatos de pessoas trans e travestis em 2021. O dado \u00e9 do relat\u00f3rio da Associa\u00e7\u00e3o Nacional de Travestis e Transexuais (Antra), divulgado nesta sexta-feira (28). Treze ocorr\u00eancias de morte violenta foram registradas no per\u00edodo.&nbsp;<\/p>\n\n\n\n<p>Mesmo avan\u00e7ando para a segunda posi\u00e7\u00e3o, o cen\u00e1rio \u00e9 menos pior em rela\u00e7\u00e3o ao ano anterior, j\u00e1 que uma redu\u00e7\u00e3o de 32% tamb\u00e9m foi confirmada. O levantamento da Antra \u00e9 feito de forma quantitativa, porque o Brasil n\u00e3o produz dados demogr\u00e1ficos a respeito da popula\u00e7\u00e3o trans. Assim como nos anos de 2017 e 2018, a Bahia fica atr\u00e1s apenas de S\u00e3o Paulo.\u00a0<\/p>\n\n\n\n<p>De acordo com o relat\u00f3rio, em todo o territ\u00f3rio nacional, pelo menos 140 v\u00edtimas destes grupos foram assassinadas. Do total, 135 eram travestis\/mulheres trans, que correspondem a 96% dos casos. As outras cinco eram homens trans.&nbsp;<\/p>\n\n\n\n<p>A maioria das pessoas trans v\u00edtimas de assassinato em 2021 tinha entre 18 e 29 anos: 53% delas, o que indica a morte prematura de jovens. Em 28% dos registros, as idades variavam entre 30 e 39 anos.<\/p>\n\n\n\n<p>Trans com idades entre 40 e 49 anos representam 10% das mortas, j\u00e1 no caso das v\u00edtimas entre 50 e 59 anos o percentual \u00e9 de 3%.<\/p>\n\n\n\n<p>Al\u00e9m disso, a Antra contabilizou um caso de pessoa trans assinada em 2021 com mais de 60 anos.<\/p>\n\n\n\n<p>Em rela\u00e7\u00e3o \u00e0 ra\u00e7\u00e3o e etnia, 81% s\u00e3o pessoas pretas ou pardas, 18% brancas e 1% ind\u00edgenas.<\/p>\n","protected":false},"excerpt":{"rendered":"<p>A Bahia saiu da terceira para segunda posi\u00e7\u00e3o no ranking de assassinatos de pessoas trans e travestis em 2021. O dado \u00e9 do relat\u00f3rio da Associa\u00e7\u00e3o [&hellip;]<\/p>\n","protected":false},"author":1,"featured_media":6032,"comment_status":"open","ping_status":"open","sticky":false,"template":"","format":"standard","meta":{"footnotes":""},"categories":[80,11],"tags":[],"class_list":["post-23231","post","type-post","status-publish","format-standard","has-post-thumbnail","hentry","category-home","category-me-informo"],"_links":{"self":[{"href":"https:\/\/blogs.correio24horas.com.br\/mesalte\/wp-json\/wp\/v2\/posts\/23231","targetHints":{"allow":["GET"]}}],"collection":[{"href":"https:\/\/blogs.correio24horas.com.br\/mesalte\/wp-json\/wp\/v2\/posts"}],"about":[{"href":"https:\/\/blogs.correio24horas.com.br\/mesalte\/wp-json\/wp\/v2\/types\/post"}],"author":[{"embeddable":true,"href":"https:\/\/blogs.correio24horas.com.br\/mesalte\/wp-json\/wp\/v2\/users\/1"}],"replies":[{"embeddable":true,"href":"https:\/\/blogs.correio24horas.com.br\/mesalte\/wp-json\/wp\/v2\/comments?post=23231"}],"version-history":[{"count":1,"href":"https:\/\/blogs.correio24horas.com.br\/mesalte\/wp-json\/wp\/v2\/posts\/23231\/revisions"}],"predecessor-version":[{"id":23232,"href":"https:\/\/blogs.correio24horas.com.br\/mesalte\/wp-json\/wp\/v2\/posts\/23231\/revisions\/23232"}],"wp:featuredmedia":[{"embeddable":true,"href":"https:\/\/blogs.correio24horas.com.br\/mesalte\/wp-json\/wp\/v2\/media\/6032"}],"wp:attachment":[{"href":"https:\/\/blogs.correio24horas.com.br\/mesalte\/wp-json\/wp\/v2\/media?parent=23231"}],"wp:term":[{"taxonomy":"category","embeddable":true,"href":"https:\/\/blogs.correio24horas.com.br\/mesalte\/wp-json\/wp\/v2\/categories?post=23231"},{"taxonomy":"post_tag","embeddable":true,"href":"https:\/\/blogs.correio24horas.com.br\/mesalte\/wp-json\/wp\/v2\/tags?post=23231"}],"curies":[{"name":"wp","href":"https:\/\/api.w.org\/{rel}","templated":true}]}}