{"id":23226,"date":"2022-01-27T22:26:46","date_gmt":"2022-01-28T01:26:46","guid":{"rendered":"https:\/\/blogs.correio24horas.com.br\/mesalte\/?p=23226"},"modified":"2022-01-27T22:26:49","modified_gmt":"2022-01-28T01:26:49","slug":"mostra-negra-de-arte-surda-lgbtqia-discute-diversidade-e-acessibilidade-com-diferentes-publicos","status":"publish","type":"post","link":"https:\/\/blogs.correio24horas.com.br\/mesalte\/mostra-negra-de-arte-surda-lgbtqia-discute-diversidade-e-acessibilidade-com-diferentes-publicos\/","title":{"rendered":"Mostra Negra de Arte Surda LGBTQIA+ discute diversidade e acessibilidade com diferentes p\u00fablicos"},"content":{"rendered":"\n<p>O coletivo Surdarte lan\u00e7a a primeira edi\u00e7\u00e3o da Mostra Negra de Arte Surda LGBTQIA+ (Monas+), que ocorre entre os meses de fevereiro e mar\u00e7o, com o intuito de estabelecer conex\u00f5es entre p\u00fablicos surdos e ouvintes para debater a cultura surda, diversidade e acessibilidade, por meio da arte, com oficinas de dan\u00e7a, poesia e outras a\u00e7\u00f5es em Libras (L\u00edngua Brasileira de Sinais).<\/p>\n\n\n\n<p>A Monas+ abordar\u00e1 acessibilidade e religiosidade afro-brasileira para tratar da comunidade surda e como ela acessa e exerce a sua ancestralidade em terreiros de candombl\u00e9, espa\u00e7os que ainda encontram dificuldades na comunica\u00e7\u00e3o em Libras. As a\u00e7\u00f5es da mostra fortalecem a arte e a autonomia de pessoas surdas interseccionando com as quest\u00f5es raciais, de g\u00eaneros e sexualidade al\u00e9m de oferecer visibilidade ao protagonismo e discutir o lugar de fala de cada um ao debater conquistas e reivindica\u00e7\u00f5es de direitos e pautas na esfera p\u00fablica e privada. <\/p>\n\n\n\n<p>Diversas oficinas, entre elas: \u201cLibras B\u00e1sica\u201d, para pessoas ouvintes de religi\u00e3o de matriz africana; \u201cPoesia Surda\u201d, com foco em surdos e ouvintes fluentes em Libras, e \u201cVibra Dan\u00e7a\u201d, que prop\u00f5e ao p\u00fablico surdo uma nova experi\u00eancia de percep\u00e7\u00e3o e entendimento do som por meio da vibra\u00e7\u00e3o utilizando a dan\u00e7a dos orix\u00e1s, al\u00e9m de debates sobre estudos em torno da terminologia afro-brasileira e os processos de tradu\u00e7\u00e3o do Iorub\u00e1 para a Libras culminar\u00e3o o m\u00eas de fevereiro por meio das plataformas digitais do projeto.<\/p>\n\n\n\n<p>As produ\u00e7\u00f5es em v\u00eddeo das performances dos participantes, resultantes das oficinas, integrar\u00e3o a mostra que ser\u00e1 apresentada no dia 4 de mar\u00e7o, e ser\u00e3o divulgadas no canal do Coletivo Surdarte no YouTube. <\/p>\n\n\n\n<p>Para mais informa\u00e7\u00f5es \u00e9 poss\u00edvel entrar em contato por meio do perfil do coletivo no Instagram (@surdarte). As inscri\u00e7\u00f5es podem ser realizadas gratuitamente at\u00e9 o dia 5 de fevereiro por meio do formul\u00e1rio on-line acess\u00edvel em libras (https:\/\/bit.ly\/3KMFJd4) e o resultado das inscri\u00e7\u00f5es ocorre no dia 6 de fevereiro. Os inscritos ter\u00e3o direito a certificado emitido pelo Teatroescola.<\/p>\n\n\n\n<p><\/p>\n","protected":false},"excerpt":{"rendered":"<p>O coletivo Surdarte lan\u00e7a a primeira edi\u00e7\u00e3o da Mostra Negra de Arte Surda LGBTQIA+ (Monas+), que ocorre entre os meses de fevereiro e mar\u00e7o, com o [&hellip;]<\/p>\n","protected":false},"author":1,"featured_media":23227,"comment_status":"open","ping_status":"open","sticky":false,"template":"","format":"standard","meta":{"footnotes":""},"categories":[80,11],"tags":[],"class_list":["post-23226","post","type-post","status-publish","format-standard","has-post-thumbnail","hentry","category-home","category-me-informo"],"_links":{"self":[{"href":"https:\/\/blogs.correio24horas.com.br\/mesalte\/wp-json\/wp\/v2\/posts\/23226","targetHints":{"allow":["GET"]}}],"collection":[{"href":"https:\/\/blogs.correio24horas.com.br\/mesalte\/wp-json\/wp\/v2\/posts"}],"about":[{"href":"https:\/\/blogs.correio24horas.com.br\/mesalte\/wp-json\/wp\/v2\/types\/post"}],"author":[{"embeddable":true,"href":"https:\/\/blogs.correio24horas.com.br\/mesalte\/wp-json\/wp\/v2\/users\/1"}],"replies":[{"embeddable":true,"href":"https:\/\/blogs.correio24horas.com.br\/mesalte\/wp-json\/wp\/v2\/comments?post=23226"}],"version-history":[{"count":1,"href":"https:\/\/blogs.correio24horas.com.br\/mesalte\/wp-json\/wp\/v2\/posts\/23226\/revisions"}],"predecessor-version":[{"id":23228,"href":"https:\/\/blogs.correio24horas.com.br\/mesalte\/wp-json\/wp\/v2\/posts\/23226\/revisions\/23228"}],"wp:featuredmedia":[{"embeddable":true,"href":"https:\/\/blogs.correio24horas.com.br\/mesalte\/wp-json\/wp\/v2\/media\/23227"}],"wp:attachment":[{"href":"https:\/\/blogs.correio24horas.com.br\/mesalte\/wp-json\/wp\/v2\/media?parent=23226"}],"wp:term":[{"taxonomy":"category","embeddable":true,"href":"https:\/\/blogs.correio24horas.com.br\/mesalte\/wp-json\/wp\/v2\/categories?post=23226"},{"taxonomy":"post_tag","embeddable":true,"href":"https:\/\/blogs.correio24horas.com.br\/mesalte\/wp-json\/wp\/v2\/tags?post=23226"}],"curies":[{"name":"wp","href":"https:\/\/api.w.org\/{rel}","templated":true}]}}