{"id":23201,"date":"2022-01-20T12:39:36","date_gmt":"2022-01-20T15:39:36","guid":{"rendered":"https:\/\/blogs.correio24horas.com.br\/mesalte\/?p=23201"},"modified":"2022-01-20T12:39:37","modified_gmt":"2022-01-20T15:39:37","slug":"abominavel-diz-leo-prates-sobre-homofobia-sofrida-por-enfermeiro-em-academia-de-salvador","status":"publish","type":"post","link":"https:\/\/blogs.correio24horas.com.br\/mesalte\/abominavel-diz-leo-prates-sobre-homofobia-sofrida-por-enfermeiro-em-academia-de-salvador\/","title":{"rendered":"&#8216;Abomin\u00e1vel&#8217;, diz L\u00e9o Prates sobre homofobia sofrida por enfermeiro em academia de Salvador"},"content":{"rendered":"\n<p>A Secretaria Municipal da Sa\u00fade de Salvador divulgou nota desta quinta-feira (20) em solidariedade ao enfermeiro e coordenador da Aten\u00e7\u00e3o Prim\u00e1ria em Sa\u00fade de Salvador, Abdon Brito, v\u00edtima de homofobia na noite da \u00faltima ter\u00e7a-feira (18), em uma academia de Salvador, localizada no bairro de Brotas, <a href=\"https:\/\/blogs.correio24horas.com.br\/mesalte\/enfermeiro-denuncia-homofobia-em-academia-de-salvador-me-senti-humilhado\/\">conforme publicado pelo Me Salte\/CORREIO. <\/a><\/p>\n\n\n\n<p>O titular da sa\u00fade municipal, Leo Prates, manifestou rep\u00fadio \u00e0 situa\u00e7\u00e3o vivenciada pelo profissional: \u201cRepudiamos veementemente o epis\u00f3dio lament\u00e1vel de homofobia ocorrido com o Abdon Brito, profissional- gestor na sa\u00fade municipal. N\u00f3s n\u00e3o toleramos situa\u00e7\u00f5es dessa natureza, nos solidarizamos com ele, e esperamos que n\u00e3o volte a ocorrer com nenhuma outra pessoa por qualquer tipo de discrimina\u00e7\u00e3o. N\u00e3o cabe mais esse tipo de atitude desrespeitosa, vergonhosa e no m\u00ednimo abomin\u00e1vel\u201d, declarou.<\/p>\n\n\n\n<p>Brito \u00e9 graduado em Enfermagem pela Universidade Federal da Bahia (2016), e especialista na modalidade Resid\u00eancia em Sa\u00fade Coletiva com \u00canfase em Gest\u00e3o e Planejamento em Sa\u00fade no Instituto de Sa\u00fade Coletiva\/UFBA\/SESAB (2019). <\/p>\n\n\n\n<p>Al\u00e9m de atuar na sa\u00fade municipal h\u00e1 cerca de um ano, o enfermeiro \u00e9 aluno do Mestrado Profissional no Programa de P\u00f3s-Gradua\u00e7\u00e3o do Instituto de Sa\u00fade Coletiva\/UFBA. Participou de atividades de pesquisa, extens\u00e3o, com destaque na realiza\u00e7\u00e3o de Mobilidade Acad\u00eamica atrav\u00e9s do Programa Ci\u00eancia sem Fronteiras\/Brazilian Scientific Mobility Program (2014-2015), na State University of New York at Albany (SUNY Albany), nos Estados Unidos e estagiou no Center for Global Health na School of Public Health da mesma Institui\u00e7\u00e3o.<\/p>\n\n\n\n<p>Entenda o caso<\/p>\n\n\n\n<p>Um momento de cuidado com a sa\u00fade f\u00edsica e mental se transformou em um epis\u00f3dio de humilha\u00e7\u00e3o e homofobia. Foi isso que aconteceu com o enfermeiro Abdon Brito, de 29 anos, na noite de ter\u00e7a-feira (18) ao chegar na academia \u00c1vila Fitness no bairro de Brotas, em Salvador.<\/p>\n\n\n\n<p>A situa\u00e7\u00e3o homof\u00f3bica aconteceu por volta das 21h15. \u201cQuando entrei na academia o instrutor estava com dois alunos h\u00e9teros e falou \u2018esse viadinho chegou, que n\u00e3o treina, e fica apenas tirando foto\u2019. A fala ofensiva e homof\u00f3bica me paralisou, me impedindo de treinar por me sentir humilhado, e desrespeitado, me fazendo retornar para casa\u201d, afirma Abdon, em conversa com o Me Salte\/CORREIO.<\/p>\n\n\n\n<figure class=\"wp-block-image\"><img loading=\"lazy\" decoding=\"async\" width=\"683\" height=\"733\" src=\"https:\/\/blogs.correio24h.com.br\/mesalte\/wp-content\/uploads\/2022\/01\/Abdon-Brito.jpg\" alt=\"\" class=\"wp-image-23184\" srcset=\"https:\/\/blogs.correio24h.com.br\/mesalte\/wp-content\/uploads\/2022\/01\/Abdon-Brito.jpg 683w, https:\/\/blogs.correio24h.com.br\/mesalte\/wp-content\/uploads\/2022\/01\/Abdon-Brito-280x300.jpg 280w, https:\/\/blogs.correio24h.com.br\/mesalte\/wp-content\/uploads\/2022\/01\/Abdon-Brito-136x146.jpg 136w, https:\/\/blogs.correio24h.com.br\/mesalte\/wp-content\/uploads\/2022\/01\/Abdon-Brito-47x50.jpg 47w, https:\/\/blogs.correio24h.com.br\/mesalte\/wp-content\/uploads\/2022\/01\/Abdon-Brito-70x75.jpg 70w\" sizes=\"auto, (max-width: 683px) 100vw, 683px\" \/><figcaption>Enfermeiro denuncia caso de homofobia em academia Foto: Arquivo Pessoal<\/figcaption><\/figure>\n\n\n\n<p>Ap\u00f3s ouvir o insulto homof\u00f3bico, o enfermeiro destacou que questionou o instrutor, que chegou a negar que teria proferido as falas.<\/p>\n\n\n\n<p>\u201cNa hora, eu questionei ao professor a fala e ele negou, mesmo eu provando que eu ouvi claramente a sua fala junto com outros alunos. Na hora, solicitei cancelamento da matr\u00edcula, e questionei ao mesmo a fala ofensiva a minha pessoa. Sou uma pessoa \u00e9tica, com matricula na academia paga, e que jamais cometi nenhuma ofensa ao instrutor. Comuniquei ao coordenador da academia a situa\u00e7\u00e3o, dizendo que iria cancelar e expus a situa\u00e7\u00e3o feita pelo funcion\u00e1rio da academia. Ao chegar em casa, liguei para academia, e o coordenador me informou que o instrutor confessou que tinha dito a difama\u00e7\u00e3o direcionada a mim\u201d, sinalizou Brito.<\/p>\n\n\n\n<p>O enfermeiro registrou boletim de ocorr\u00eancia nesta quarta-feira (19) para apura\u00e7\u00e3o do caso junto \u00e0 Pol\u00edcia Civil da Bahia. \u201cEle cometeu crime de homofobia, conforme artigo 20 da Lei 7716\/2018. Houve desrespeito, viola\u00e7\u00e3o da minha orienta\u00e7\u00e3o sexual e um desrespeito a minha<br>liberdade de express\u00e3o e singularidade\u201d, argumenta.<\/p>\n\n\n\n<p>O enfermeiro pontua que foi a primeira vez que sofreu homofobia em um espa\u00e7o como o da academia e que decidiu denunciar o caso para que isso n\u00e3o aconte\u00e7a com outras pessoas.<\/p>\n\n\n\n<p>\u201cEu sou cliente da academia. Jamais faltei respeito com ningu\u00e9m e frequento a academia diariamente. Al\u00e9m da fala ter sido feito entre pares (mais dois heteros), que negaram a fala do instrutor. N\u00e3o podemos achar que situa\u00e7\u00f5es como essas n\u00e3o d\u00e3o em nada e por isso estou tornando o caso p\u00fablico\u201d, explica.<br><br>O Me Salte\/CORREIO procurou a \u00c1vila Fitness nesta quarta-feira (19). Propriet\u00e1rio do espa\u00e7o, Taciano \u00c1vila, informou que repudia qualquer tipo de preconceito e afastou o estagi\u00e1rio das atividades at\u00e9 que seja apurado o fato. \u201cPe\u00e7o desculpas em nome da academia e ressalto que j\u00e1 afastamos ele at\u00e9 que tudo seja apurado\u201d.<br><br>Ap\u00b4\u00f3s o contato do Me Salte, o post abaixo foi feito no Instagram da empresa.<\/p>\n\n\n\n<figure class=\"wp-block-image\"><img loading=\"lazy\" decoding=\"async\" width=\"1024\" height=\"530\" src=\"https:\/\/blogs.correio24h.com.br\/mesalte\/wp-content\/uploads\/2022\/01\/repudio-1024x530.jpg\" alt=\"\" class=\"wp-image-23193\" srcset=\"https:\/\/blogs.correio24h.com.br\/mesalte\/wp-content\/uploads\/2022\/01\/repudio-1024x530.jpg 1024w, https:\/\/blogs.correio24h.com.br\/mesalte\/wp-content\/uploads\/2022\/01\/repudio-300x155.jpg 300w, https:\/\/blogs.correio24h.com.br\/mesalte\/wp-content\/uploads\/2022\/01\/repudio-768x398.jpg 768w, https:\/\/blogs.correio24h.com.br\/mesalte\/wp-content\/uploads\/2022\/01\/repudio-260x135.jpg 260w, https:\/\/blogs.correio24h.com.br\/mesalte\/wp-content\/uploads\/2022\/01\/repudio-50x26.jpg 50w, https:\/\/blogs.correio24h.com.br\/mesalte\/wp-content\/uploads\/2022\/01\/repudio-145x75.jpg 145w, https:\/\/blogs.correio24h.com.br\/mesalte\/wp-content\/uploads\/2022\/01\/repudio.jpg 1190w\" sizes=\"auto, (max-width: 1024px) 100vw, 1024px\" \/><figcaption>Ap\u00f3s contato do Me Salte, a academia publicou nota de rep\u00fadio<\/figcaption><\/figure>\n\n\n\n<p>\u201cA academia tem cerca de 8 anos que funciona. Nunca tivemos nenhum problema com nenhum funcion\u00e1rio com rela\u00e7\u00e3o \u00e0 discrimina\u00e7\u00e3o. Sempre sa\u00edmos em defesa, fazemos trabalhos sociais. Nos dias de hoje esse tipo de coisa n\u00e3o era pra acontecer mais. Temos que aprender a conviver com todos . Somos todos seres humanos. Temos que ter sempre um bom relacionamento. Repudiamos a homofobia, racismo e outras formas de discrimina\u00e7\u00e3o\u201d, afirmou o propriet\u00e1rio do espa\u00e7o, por telefone, ao Me Salte\/CORREIO.<\/p>\n","protected":false},"excerpt":{"rendered":"<p>A Secretaria Municipal da Sa\u00fade de Salvador divulgou nota desta quinta-feira (20) em solidariedade ao enfermeiro e coordenador da Aten\u00e7\u00e3o Prim\u00e1ria em Sa\u00fade de Salvador, Abdon [&hellip;]<\/p>\n","protected":false},"author":1,"featured_media":23202,"comment_status":"open","ping_status":"open","sticky":false,"template":"","format":"standard","meta":{"footnotes":""},"categories":[80,11],"tags":[],"class_list":["post-23201","post","type-post","status-publish","format-standard","has-post-thumbnail","hentry","category-home","category-me-informo"],"_links":{"self":[{"href":"https:\/\/blogs.correio24horas.com.br\/mesalte\/wp-json\/wp\/v2\/posts\/23201","targetHints":{"allow":["GET"]}}],"collection":[{"href":"https:\/\/blogs.correio24horas.com.br\/mesalte\/wp-json\/wp\/v2\/posts"}],"about":[{"href":"https:\/\/blogs.correio24horas.com.br\/mesalte\/wp-json\/wp\/v2\/types\/post"}],"author":[{"embeddable":true,"href":"https:\/\/blogs.correio24horas.com.br\/mesalte\/wp-json\/wp\/v2\/users\/1"}],"replies":[{"embeddable":true,"href":"https:\/\/blogs.correio24horas.com.br\/mesalte\/wp-json\/wp\/v2\/comments?post=23201"}],"version-history":[{"count":1,"href":"https:\/\/blogs.correio24horas.com.br\/mesalte\/wp-json\/wp\/v2\/posts\/23201\/revisions"}],"predecessor-version":[{"id":23203,"href":"https:\/\/blogs.correio24horas.com.br\/mesalte\/wp-json\/wp\/v2\/posts\/23201\/revisions\/23203"}],"wp:featuredmedia":[{"embeddable":true,"href":"https:\/\/blogs.correio24horas.com.br\/mesalte\/wp-json\/wp\/v2\/media\/23202"}],"wp:attachment":[{"href":"https:\/\/blogs.correio24horas.com.br\/mesalte\/wp-json\/wp\/v2\/media?parent=23201"}],"wp:term":[{"taxonomy":"category","embeddable":true,"href":"https:\/\/blogs.correio24horas.com.br\/mesalte\/wp-json\/wp\/v2\/categories?post=23201"},{"taxonomy":"post_tag","embeddable":true,"href":"https:\/\/blogs.correio24horas.com.br\/mesalte\/wp-json\/wp\/v2\/tags?post=23201"}],"curies":[{"name":"wp","href":"https:\/\/api.w.org\/{rel}","templated":true}]}}