{"id":23188,"date":"2022-01-19T12:07:57","date_gmt":"2022-01-19T15:07:57","guid":{"rendered":"https:\/\/blogs.correio24horas.com.br\/mesalte\/?p=23188"},"modified":"2022-01-19T13:19:42","modified_gmt":"2022-01-19T16:19:42","slug":"salvador-tera-festival-de-musica-eletronica","status":"publish","type":"post","link":"https:\/\/blogs.correio24horas.com.br\/mesalte\/salvador-tera-festival-de-musica-eletronica\/","title":{"rendered":"Salvador ter\u00e1 festival de m\u00fasica eletr\u00f4nica"},"content":{"rendered":"\n<p>Salvador est\u00e1 na rota da m\u00fasica eletr\u00f4nica. O\u00a0<strong>Elixyr Festival<\/strong>\u00a0trar\u00e1 para a capital baiana uma line up caprichada no dia\u00a0<strong>4 de fevereiro<\/strong>, no Wet Salvador. O festival eletr\u00f4nico tem, entre os destaques, o DJ e produtor musical mineiro\u00a0<strong>Kvsh<\/strong>\u00a0, que acumula mais de 400 milh\u00f5es de execu\u00e7\u00f5es no Spotify, plataforma em que chegou a figurar entre os seis artistas mais ouvidos no Brasil. <\/p>\n\n\n\n<p>Completam a grade os DJs\u00a0<strong>Liu<\/strong>,\u00a0<strong>Gustavo Mota<\/strong>\u00a0e os duos\u00a0<strong>Almanac<\/strong>\u00a0e\u00a0<strong>Evokings<\/strong>, que prometem uma f\u00f3rmula de sucesso, baseada na mistura de g\u00eaneros. Os ingressos est\u00e3o \u00e0 venda no\u00a0<a rel=\"noreferrer noopener\" href=\"https:\/\/www.sympla.com.br\/elixyr-festival__1452871\" target=\"_blank\">Sympla<\/a>. O evento respeitar\u00e1 a lota\u00e7\u00e3o permitida no atual decreto e exigir\u00e1 comprovante de vacina\u00e7\u00e3o. Mais informa\u00e7\u00f5es em @\u00a0elixyrfestival.<\/p>\n","protected":false},"excerpt":{"rendered":"<p>Salvador est\u00e1 na rota da m\u00fasica eletr\u00f4nica. O\u00a0Elixyr Festival\u00a0trar\u00e1 para a capital baiana uma line up caprichada no dia\u00a04 de fevereiro, no Wet Salvador. O festival [&hellip;]<\/p>\n","protected":false},"author":1,"featured_media":23189,"comment_status":"open","ping_status":"open","sticky":false,"template":"","format":"standard","meta":{"footnotes":""},"categories":[28,80],"tags":[2241,65,170],"class_list":["post-23188","post","type-post","status-publish","format-standard","has-post-thumbnail","hentry","category-farofa-digital","category-home","tag-eletronica","tag-festa","tag-salvador"],"_links":{"self":[{"href":"https:\/\/blogs.correio24horas.com.br\/mesalte\/wp-json\/wp\/v2\/posts\/23188","targetHints":{"allow":["GET"]}}],"collection":[{"href":"https:\/\/blogs.correio24horas.com.br\/mesalte\/wp-json\/wp\/v2\/posts"}],"about":[{"href":"https:\/\/blogs.correio24horas.com.br\/mesalte\/wp-json\/wp\/v2\/types\/post"}],"author":[{"embeddable":true,"href":"https:\/\/blogs.correio24horas.com.br\/mesalte\/wp-json\/wp\/v2\/users\/1"}],"replies":[{"embeddable":true,"href":"https:\/\/blogs.correio24horas.com.br\/mesalte\/wp-json\/wp\/v2\/comments?post=23188"}],"version-history":[{"count":1,"href":"https:\/\/blogs.correio24horas.com.br\/mesalte\/wp-json\/wp\/v2\/posts\/23188\/revisions"}],"predecessor-version":[{"id":23190,"href":"https:\/\/blogs.correio24horas.com.br\/mesalte\/wp-json\/wp\/v2\/posts\/23188\/revisions\/23190"}],"wp:featuredmedia":[{"embeddable":true,"href":"https:\/\/blogs.correio24horas.com.br\/mesalte\/wp-json\/wp\/v2\/media\/23189"}],"wp:attachment":[{"href":"https:\/\/blogs.correio24horas.com.br\/mesalte\/wp-json\/wp\/v2\/media?parent=23188"}],"wp:term":[{"taxonomy":"category","embeddable":true,"href":"https:\/\/blogs.correio24horas.com.br\/mesalte\/wp-json\/wp\/v2\/categories?post=23188"},{"taxonomy":"post_tag","embeddable":true,"href":"https:\/\/blogs.correio24horas.com.br\/mesalte\/wp-json\/wp\/v2\/tags?post=23188"}],"curies":[{"name":"wp","href":"https:\/\/api.w.org\/{rel}","templated":true}]}}