{"id":23181,"date":"2022-01-19T13:30:27","date_gmt":"2022-01-19T16:30:27","guid":{"rendered":"https:\/\/blogs.correio24horas.com.br\/mesalte\/?p=23181"},"modified":"2022-01-19T13:37:35","modified_gmt":"2022-01-19T16:37:35","slug":"enfermeiro-denuncia-homofobia-em-academia-de-salvador-me-senti-humilhado","status":"publish","type":"post","link":"https:\/\/blogs.correio24horas.com.br\/mesalte\/enfermeiro-denuncia-homofobia-em-academia-de-salvador-me-senti-humilhado\/","title":{"rendered":"Enfermeiro denuncia homofobia em academia de Salvador: &#8216;me senti humilhado&#8217;"},"content":{"rendered":"\n<p>Um momento de cuidado com a sa\u00fade f\u00edsica e mental se transformou em um epis\u00f3dio de humilha\u00e7\u00e3o e homofobia. Foi isso que aconteceu com o enfermeiro Abdon Brito, de 29 anos,  na noite de ter\u00e7a-feira (18) ao chegar na academia  \u00c1vila Fitness no bairro de Brotas, em Salvador. <\/p>\n\n\n\n<p>A situa\u00e7\u00e3o homof\u00f3bica aconteceu por volta das 21h15. &#8220;Quando entrei na academia o instrutor estava com dois alunos h\u00e9teros e falou &#8216;esse viadinho chegou, que n\u00e3o treina, e fica apenas tirando foto&#8217;.  A fala ofensiva e homof\u00f3bica me paralisou, me impedindo de treinar por me sentir humilhado, e  desrespeitado, me fazendo retornar para casa&#8221;, afirma Abdon, em conversa com o Me Salte\/CORREIO. <\/p>\n\n\n\n<figure class=\"wp-block-image is-resized\"><img loading=\"lazy\" decoding=\"async\" src=\"https:\/\/blogs.correio24h.com.br\/mesalte\/wp-content\/uploads\/2022\/01\/Abdon-Brito.jpg\" alt=\"\" class=\"wp-image-23184\" width=\"662\" height=\"710\" srcset=\"https:\/\/blogs.correio24h.com.br\/mesalte\/wp-content\/uploads\/2022\/01\/Abdon-Brito.jpg 683w, https:\/\/blogs.correio24h.com.br\/mesalte\/wp-content\/uploads\/2022\/01\/Abdon-Brito-280x300.jpg 280w, https:\/\/blogs.correio24h.com.br\/mesalte\/wp-content\/uploads\/2022\/01\/Abdon-Brito-136x146.jpg 136w, https:\/\/blogs.correio24h.com.br\/mesalte\/wp-content\/uploads\/2022\/01\/Abdon-Brito-47x50.jpg 47w, https:\/\/blogs.correio24h.com.br\/mesalte\/wp-content\/uploads\/2022\/01\/Abdon-Brito-70x75.jpg 70w\" sizes=\"auto, (max-width: 662px) 100vw, 662px\" \/><figcaption>Enfermeiro denuncia caso de homofobia em academia\nFoto: Arquivo Pessoal<\/figcaption><\/figure>\n\n\n\n<p>Ap\u00f3s ouvir o insulto homof\u00f3bico, o enfermeiro destacou que questionou o instrutor, que chegou a negar que teria proferido as falas. <\/p>\n\n\n\n<p>&#8220;Na hora, eu questionei ao professor a fala e ele negou, mesmo eu provando que eu ouvi claramente a sua fala junto com outros alunos. Na hora, solicitei cancelamento da matr\u00edcula, e questionei ao mesmo a fala ofensiva a minha pessoa. Sou uma pessoa \u00e9tica, com matricula na academia paga, e que jamais cometi  nenhuma ofensa ao instrutor.  Comuniquei ao coordenador da academia a situa\u00e7\u00e3o, dizendo que iria cancelar e expus a situa\u00e7\u00e3o feita pelo funcion\u00e1rio da academia. Ao chegar em casa, liguei para academia, e o coordenador me  informou que o instrutor confessou que tinha dito a difama\u00e7\u00e3o direcionada a mim&#8221;, sinalizou Brito.  <\/p>\n\n\n\n<p> O enfermeiro registrou boletim de ocorr\u00eancia nesta quarta-feira (19) para apura\u00e7\u00e3o do caso junto \u00e0 Pol\u00edcia Civil da Bahia.  &#8220;Ele cometeu crime de homofobia, conforme artigo 20 da Lei 7716\/2018. Houve desrespeito, viola\u00e7\u00e3o da minha orienta\u00e7\u00e3o sexual e um desrespeito a minha<br> liberdade de express\u00e3o e singularidade&#8221;, argumenta. <\/p>\n\n\n\n<p>O enfermeiro pontua que foi a primeira vez que sofreu homofobia em um espa\u00e7o como o da academia e que decidiu denunciar o caso para que isso n\u00e3o aconte\u00e7a com outras pessoas. <\/p>\n\n\n\n<p>&#8220;Eu sou cliente da academia. Jamais faltei respeito com ningu\u00e9m e frequento a academia diariamente. Al\u00e9m da fala ter sido feito entre pares (mais dois heteros), que negaram a fala do instrutor. N\u00e3o podemos achar que situa\u00e7\u00f5es como essas n\u00e3o d\u00e3o em nada e por isso estou tornando o caso p\u00fablico&#8221;, explica. <br><br>O Me Salte\/CORREIO procurou a  \u00c1vila Fitness nesta quarta-feira (19).  Propriet\u00e1rio do espa\u00e7o, Taciano \u00c1vila, informou que repudia qualquer tipo de preconceito e afastou o estagi\u00e1rio das atividades at\u00e9 que seja apurado o fato. &#8220;Pe\u00e7o desculpas em nome da academia e ressalto que j\u00e1 afastamos ele at\u00e9 que tudo seja apurado&#8221;. <br><br>Ap\u00b4\u00f3s o contato do Me Salte, o post abaixo foi feito no Instagram da empresa. <\/p>\n\n\n\n<figure class=\"wp-block-image\"><img loading=\"lazy\" decoding=\"async\" width=\"1024\" height=\"530\" src=\"https:\/\/blogs.correio24h.com.br\/mesalte\/wp-content\/uploads\/2022\/01\/repudio-1024x530.jpg\" alt=\"\" class=\"wp-image-23193\" srcset=\"https:\/\/blogs.correio24h.com.br\/mesalte\/wp-content\/uploads\/2022\/01\/repudio-1024x530.jpg 1024w, https:\/\/blogs.correio24h.com.br\/mesalte\/wp-content\/uploads\/2022\/01\/repudio-300x155.jpg 300w, https:\/\/blogs.correio24h.com.br\/mesalte\/wp-content\/uploads\/2022\/01\/repudio-768x398.jpg 768w, https:\/\/blogs.correio24h.com.br\/mesalte\/wp-content\/uploads\/2022\/01\/repudio-260x135.jpg 260w, https:\/\/blogs.correio24h.com.br\/mesalte\/wp-content\/uploads\/2022\/01\/repudio-50x26.jpg 50w, https:\/\/blogs.correio24h.com.br\/mesalte\/wp-content\/uploads\/2022\/01\/repudio-145x75.jpg 145w, https:\/\/blogs.correio24h.com.br\/mesalte\/wp-content\/uploads\/2022\/01\/repudio.jpg 1190w\" sizes=\"auto, (max-width: 1024px) 100vw, 1024px\" \/><figcaption>Ap\u00f3s contato do Me Salte, a academia publicou nota de rep\u00fadio <\/figcaption><\/figure>\n\n\n\n<p>&#8220;A academia tem cerca de 8 anos que funciona. Nunca tivemos nenhum problema com nenhum funcion\u00e1rio com rela\u00e7\u00e3o \u00e0 discrimina\u00e7\u00e3o. Sempre sa\u00edmos em defesa, fazemos trabalhos sociais. Nos dias de hoje esse tipo de coisa n\u00e3o era pra acontecer mais. Temos que aprender a conviver com todos . Somos todos seres humanos. Temos que ter sempre um bom relacionamento. Repudiamos a homofobia, racismo e outras formas de discrimina\u00e7\u00e3o&#8221;, afirmou o propriet\u00e1rio do espa\u00e7o, por telefone, ao Me Salte\/CORREIO.<\/p>\n","protected":false},"excerpt":{"rendered":"<p>Um momento de cuidado com a sa\u00fade f\u00edsica e mental se transformou em um epis\u00f3dio de humilha\u00e7\u00e3o e homofobia. Foi isso que aconteceu com o enfermeiro [&hellip;]<\/p>\n","protected":false},"author":1,"featured_media":0,"comment_status":"open","ping_status":"open","sticky":false,"template":"","format":"standard","meta":{"footnotes":""},"categories":[80,11],"tags":[2243,2242,122,91],"class_list":["post-23181","post","type-post","status-publish","format-standard","hentry","category-home","category-me-informo","tag-brotas","tag-denuncia-homofobia","tag-homofobia","tag-homofobianao"],"_links":{"self":[{"href":"https:\/\/blogs.correio24horas.com.br\/mesalte\/wp-json\/wp\/v2\/posts\/23181","targetHints":{"allow":["GET"]}}],"collection":[{"href":"https:\/\/blogs.correio24horas.com.br\/mesalte\/wp-json\/wp\/v2\/posts"}],"about":[{"href":"https:\/\/blogs.correio24horas.com.br\/mesalte\/wp-json\/wp\/v2\/types\/post"}],"author":[{"embeddable":true,"href":"https:\/\/blogs.correio24horas.com.br\/mesalte\/wp-json\/wp\/v2\/users\/1"}],"replies":[{"embeddable":true,"href":"https:\/\/blogs.correio24horas.com.br\/mesalte\/wp-json\/wp\/v2\/comments?post=23181"}],"version-history":[{"count":11,"href":"https:\/\/blogs.correio24horas.com.br\/mesalte\/wp-json\/wp\/v2\/posts\/23181\/revisions"}],"predecessor-version":[{"id":23197,"href":"https:\/\/blogs.correio24horas.com.br\/mesalte\/wp-json\/wp\/v2\/posts\/23181\/revisions\/23197"}],"wp:attachment":[{"href":"https:\/\/blogs.correio24horas.com.br\/mesalte\/wp-json\/wp\/v2\/media?parent=23181"}],"wp:term":[{"taxonomy":"category","embeddable":true,"href":"https:\/\/blogs.correio24horas.com.br\/mesalte\/wp-json\/wp\/v2\/categories?post=23181"},{"taxonomy":"post_tag","embeddable":true,"href":"https:\/\/blogs.correio24horas.com.br\/mesalte\/wp-json\/wp\/v2\/tags?post=23181"}],"curies":[{"name":"wp","href":"https:\/\/api.w.org\/{rel}","templated":true}]}}