{"id":23173,"date":"2022-01-11T17:49:55","date_gmt":"2022-01-11T20:49:55","guid":{"rendered":"https:\/\/blogs.correio24horas.com.br\/mesalte\/?p=23173"},"modified":"2022-01-11T17:51:52","modified_gmt":"2022-01-11T20:51:52","slug":"carnaval-indoor-que-aconteceria-no-centro-de-convencoes-e-cancelado-festa-teria-ivete-sangalo-claudia-leitte-luisa-sonza-e-mais-atracoes","status":"publish","type":"post","link":"https:\/\/blogs.correio24horas.com.br\/mesalte\/carnaval-indoor-que-aconteceria-no-centro-de-convencoes-e-cancelado-festa-teria-ivete-sangalo-claudia-leitte-luisa-sonza-e-mais-atracoes\/","title":{"rendered":"Carnaval indoor que aconteceria no Centro de Conven\u00e7\u00f5es \u00e9 cancelado; Festa teria Ivete, Claudia, Lu\u00edsa Sonza e mais atra\u00e7\u00f5es"},"content":{"rendered":"\n<p>O Salvador Folia anunciou nesta ter\u00e7a-feira (11) o cancelamento do evento de Carnaval indoor que aconteceria no Centro de Conven\u00e7\u00f5es, de 24 a 27 de fevereiro. A decis\u00e3o foi tomada por conta do novo decreto do governo baiano restringindo o p\u00fablico de eventos a um m\u00e1ximo de 5 mil pessoas. Tamb\u00e9m foi levado em conta o aumento significativo dos casos de covid-19.<\/p>\n\n\n\n<p>Os organizadores da festa, que teria shows de Ivete Sangalo, Claudia Leitte, Lu\u00edsa Sonza, Gloria Groove e Solange Almeida, entre outras atra\u00e7\u00f5es, dizem que o momento \u00e9 de cautela e responsabilidade.<\/p>\n\n\n\n<figure class=\"wp-block-image\"><img loading=\"lazy\" decoding=\"async\" width=\"392\" height=\"559\" src=\"https:\/\/blogs.correio24h.com.br\/mesalte\/wp-content\/uploads\/2022\/01\/san.jpg\" alt=\"\" class=\"wp-image-23174\" srcset=\"https:\/\/blogs.correio24h.com.br\/mesalte\/wp-content\/uploads\/2022\/01\/san.jpg 392w, https:\/\/blogs.correio24h.com.br\/mesalte\/wp-content\/uploads\/2022\/01\/san-210x300.jpg 210w, https:\/\/blogs.correio24h.com.br\/mesalte\/wp-content\/uploads\/2022\/01\/san-102x146.jpg 102w, https:\/\/blogs.correio24h.com.br\/mesalte\/wp-content\/uploads\/2022\/01\/san-35x50.jpg 35w, https:\/\/blogs.correio24h.com.br\/mesalte\/wp-content\/uploads\/2022\/01\/san-53x75.jpg 53w\" sizes=\"auto, (max-width: 392px) 100vw, 392px\" \/><\/figure>\n\n\n\n<p>Para pedir reembolso \u00e9 preciso&nbsp;enviar e-mail para salvadorfolia2022@gmail.com e adicionar nome completo, CPF e n\u00famero de registro no conte\u00fado.<\/p>\n\n\n\n<p>Para quem comprou&nbsp;atrav\u00e9s do cart\u00e3o de cr\u00e9dito, \u00e9 preciso enviar bandeira e os quatro \u00faltimos d\u00edgitos do cart\u00e3o. Os valores estornados atrav\u00e9s do sistema v\u00e3o direto para a operadora de cart\u00e3o e o valor ser\u00e1 devolvido na fatura.<\/p>\n","protected":false},"excerpt":{"rendered":"<p>O Salvador Folia anunciou nesta ter\u00e7a-feira (11) o cancelamento do evento de Carnaval indoor que aconteceria no Centro de Conven\u00e7\u00f5es, de 24 a 27 de fevereiro. [&hellip;]<\/p>\n","protected":false},"author":1,"featured_media":23175,"comment_status":"open","ping_status":"open","sticky":false,"template":"","format":"standard","meta":{"footnotes":""},"categories":[28,80],"tags":[2239,2240],"class_list":["post-23173","post","type-post","status-publish","format-standard","has-post-thumbnail","hentry","category-farofa-digital","category-home","tag-carna-san","tag-carnaval-da-san"],"_links":{"self":[{"href":"https:\/\/blogs.correio24horas.com.br\/mesalte\/wp-json\/wp\/v2\/posts\/23173","targetHints":{"allow":["GET"]}}],"collection":[{"href":"https:\/\/blogs.correio24horas.com.br\/mesalte\/wp-json\/wp\/v2\/posts"}],"about":[{"href":"https:\/\/blogs.correio24horas.com.br\/mesalte\/wp-json\/wp\/v2\/types\/post"}],"author":[{"embeddable":true,"href":"https:\/\/blogs.correio24horas.com.br\/mesalte\/wp-json\/wp\/v2\/users\/1"}],"replies":[{"embeddable":true,"href":"https:\/\/blogs.correio24horas.com.br\/mesalte\/wp-json\/wp\/v2\/comments?post=23173"}],"version-history":[{"count":2,"href":"https:\/\/blogs.correio24horas.com.br\/mesalte\/wp-json\/wp\/v2\/posts\/23173\/revisions"}],"predecessor-version":[{"id":23177,"href":"https:\/\/blogs.correio24horas.com.br\/mesalte\/wp-json\/wp\/v2\/posts\/23173\/revisions\/23177"}],"wp:featuredmedia":[{"embeddable":true,"href":"https:\/\/blogs.correio24horas.com.br\/mesalte\/wp-json\/wp\/v2\/media\/23175"}],"wp:attachment":[{"href":"https:\/\/blogs.correio24horas.com.br\/mesalte\/wp-json\/wp\/v2\/media?parent=23173"}],"wp:term":[{"taxonomy":"category","embeddable":true,"href":"https:\/\/blogs.correio24horas.com.br\/mesalte\/wp-json\/wp\/v2\/categories?post=23173"},{"taxonomy":"post_tag","embeddable":true,"href":"https:\/\/blogs.correio24horas.com.br\/mesalte\/wp-json\/wp\/v2\/tags?post=23173"}],"curies":[{"name":"wp","href":"https:\/\/api.w.org\/{rel}","templated":true}]}}