{"id":23163,"date":"2022-01-10T12:26:53","date_gmt":"2022-01-10T15:26:53","guid":{"rendered":"https:\/\/blogs.correio24horas.com.br\/mesalte\/?p=23163"},"modified":"2022-01-10T12:26:55","modified_gmt":"2022-01-10T15:26:55","slug":"salvador-vai-liberar-vacinacao-contra-gripe-para-todos-os-publicos-na-terca-11","status":"publish","type":"post","link":"https:\/\/blogs.correio24horas.com.br\/mesalte\/salvador-vai-liberar-vacinacao-contra-gripe-para-todos-os-publicos-na-terca-11\/","title":{"rendered":"Salvador vai liberar vacina\u00e7\u00e3o contra gripe para todos os p\u00fablicos na ter\u00e7a (11)"},"content":{"rendered":"\n<p>Salvador vai liberar a vacina\u00e7\u00e3o contra gripe para o p\u00fablico geral a partir da ter\u00e7a-feira (11), anunciou hoje o prefeito Bruno Reis. A cidade vive um surto de influenza. No final de semana, a estrat\u00e9gia foi apenas para os idosos, p\u00fablico mais vulner\u00e1vel a complica\u00e7\u00f5es por conta da doen\u00e7a.&nbsp;<\/p>\n\n\n\n<p>&#8220;A gente volta com a vacina da gripe para todos em geral. Crian\u00e7as ou adultos. Temos doses para isso&#8221;, disse Bruno Reis, durante evento para detalhar o Projeto de Lei de Sa\u00fade Mental para Salvador. Ele tamb\u00e9m aproveitou a ocasi\u00e3o para anunciar detalhes sobre a<strong><a href=\"https:\/\/www.correio24horas.com.br\/noticia\/nid\/salvador-divulga-como-sera-estrategia-de-vacinacao-de-criancas-contra-a-covid-19\/\"><strong>\u00a0estrat\u00e9gia da vacina\u00e7\u00e3o infantil contra covid-19.<\/strong><\/a><\/strong><\/p>\n\n\n\n<p>A programa\u00e7\u00e3o de pontos de vacina\u00e7\u00e3o contra a gripe e estrat\u00e9gia&nbsp;mais detalhada ser\u00e1 divulgada at\u00e9 o final do dia. &#8220;Vamos informar locais e hor\u00e1rios e pedimos a todos que possam ir se vacinar&#8221;.&nbsp;<\/p>\n\n\n\n<p>No s\u00e1bado, aconteceu o Dia da Sabedoria, com foco em pessoas acima de 60 anos. No dia, o secret\u00e1rio Leo Prates&nbsp;destacou que o objetivo era atingir o n\u00famero total de pessoas acima de 60 anos em Salvador que precisam ser imunizados contra a gripe. \u201cS\u00e3o cerca de 178 mil idosos que ainda n\u00e3o tomaram a dose contra a gripe em 2021. Para a realiza\u00e7\u00e3o da estrat\u00e9gia, est\u00e3o sendo usados alguns crit\u00e9rios, dentre eles o cidad\u00e3o n\u00e3o ter tomado essa dose no ano passado e ser residente em Salvador\u201d, explicou.<\/p>\n","protected":false},"excerpt":{"rendered":"<p>Salvador vai liberar a vacina\u00e7\u00e3o contra gripe para o p\u00fablico geral a partir da ter\u00e7a-feira (11), anunciou hoje o prefeito Bruno Reis. A cidade vive um [&hellip;]<\/p>\n","protected":false},"author":1,"featured_media":23164,"comment_status":"open","ping_status":"open","sticky":false,"template":"","format":"standard","meta":{"footnotes":""},"categories":[80,24],"tags":[2238,2208],"class_list":["post-23163","post","type-post","status-publish","format-standard","has-post-thumbnail","hentry","category-home","category-me-cuido","tag-gripe","tag-vacina"],"_links":{"self":[{"href":"https:\/\/blogs.correio24horas.com.br\/mesalte\/wp-json\/wp\/v2\/posts\/23163","targetHints":{"allow":["GET"]}}],"collection":[{"href":"https:\/\/blogs.correio24horas.com.br\/mesalte\/wp-json\/wp\/v2\/posts"}],"about":[{"href":"https:\/\/blogs.correio24horas.com.br\/mesalte\/wp-json\/wp\/v2\/types\/post"}],"author":[{"embeddable":true,"href":"https:\/\/blogs.correio24horas.com.br\/mesalte\/wp-json\/wp\/v2\/users\/1"}],"replies":[{"embeddable":true,"href":"https:\/\/blogs.correio24horas.com.br\/mesalte\/wp-json\/wp\/v2\/comments?post=23163"}],"version-history":[{"count":1,"href":"https:\/\/blogs.correio24horas.com.br\/mesalte\/wp-json\/wp\/v2\/posts\/23163\/revisions"}],"predecessor-version":[{"id":23165,"href":"https:\/\/blogs.correio24horas.com.br\/mesalte\/wp-json\/wp\/v2\/posts\/23163\/revisions\/23165"}],"wp:featuredmedia":[{"embeddable":true,"href":"https:\/\/blogs.correio24horas.com.br\/mesalte\/wp-json\/wp\/v2\/media\/23164"}],"wp:attachment":[{"href":"https:\/\/blogs.correio24horas.com.br\/mesalte\/wp-json\/wp\/v2\/media?parent=23163"}],"wp:term":[{"taxonomy":"category","embeddable":true,"href":"https:\/\/blogs.correio24horas.com.br\/mesalte\/wp-json\/wp\/v2\/categories?post=23163"},{"taxonomy":"post_tag","embeddable":true,"href":"https:\/\/blogs.correio24horas.com.br\/mesalte\/wp-json\/wp\/v2\/tags?post=23163"}],"curies":[{"name":"wp","href":"https:\/\/api.w.org\/{rel}","templated":true}]}}