{"id":23158,"date":"2022-01-04T11:01:02","date_gmt":"2022-01-04T14:01:02","guid":{"rendered":"https:\/\/blogs.correio24horas.com.br\/mesalte\/?p=23158"},"modified":"2022-01-04T11:02:52","modified_gmt":"2022-01-04T14:02:52","slug":"internada-para-tratamento-na-prostata-atriz-divina-valeria-pede-ajuda","status":"publish","type":"post","link":"https:\/\/blogs.correio24horas.com.br\/mesalte\/internada-para-tratamento-na-prostata-atriz-divina-valeria-pede-ajuda\/","title":{"rendered":"Internada para tratamento na pr\u00f3stata, atriz Divina Val\u00e9ria pede ajuda"},"content":{"rendered":"\n<p>Uma das maiores estrelas LGBTQIA+ da Bahia, Divina Val\u00e9ria, usou as redes sociais para fazer um apelo em prol de sua sa\u00fade. A atriz revelou estar em tratamento para problemas na pr\u00f3stata.<\/p>\n\n\n\n<p>Atrav\u00e9s de seu perfil no Facebook, ela explicou que est\u00e1 usando uma sonda desde 28 de dezembro, com fortes dores, e precisa pagar por exames urgentes que requerem um alto valor.<\/p>\n\n\n\n<p>\u201cVenho informar que estou com problemas de sa\u00fade, tratando da pr\u00f3stata, tomando medica\u00e7\u00f5es para fortes dores, e tamb\u00e9m com uso de antibi\u00f3ticos, estou no SUS porem preciso fazer exames urgentes onde os mesmo requerem um valor ao qual estou sem no momento. Estou com sonda desde o dia 28\/12\/21 sentindo fortes dores\u201d, iniciou.<\/p>\n\n\n\n<p>Apesar de contar com a ajuda de amigos pr\u00f3ximos, Divina est\u00e1 sem trabalhar, como muitos artistas no per\u00edodo da pandemia. <\/p>\n\n\n\n<p>\u201cEstou sem trabalho a algum tempo e claro as despesas continuam. Venho atrav\u00e9s desse comunicado pedir ajuda a amigos e quem se sensibilizar com minha atual situa\u00e7\u00e3o e puder contribuir com algum valor. Sigo em recupera\u00e7\u00e3o pedindo que orem por mim, mas nesse momento tive que me expor e isso n\u00e3o \u00e9 f\u00e1cil. Por\u00e9m parei e pensei: at\u00e9 Bette Davis em momento de dificuldades financeiras pediu emprego nos classificados\u201d, explicou.<\/p>\n\n\n\n<p style=\"text-align:center\"><strong>Ajude Divina Val\u00e9ria &#8211; PIX:  \u00a0CPF 105 755.258-51 <\/strong><\/p>\n\n\n\n<p>Artistas, como a atriz Tania Toko, compartilharam o apelo de Divina. <\/p>\n\n\n\n<figure class=\"wp-block-image\"><img loading=\"lazy\" decoding=\"async\" width=\"781\" height=\"554\" src=\"https:\/\/blogs.correio24h.com.br\/mesalte\/wp-content\/uploads\/2022\/01\/tania.jpg\" alt=\"\" class=\"wp-image-23161\" srcset=\"https:\/\/blogs.correio24h.com.br\/mesalte\/wp-content\/uploads\/2022\/01\/tania.jpg 781w, https:\/\/blogs.correio24h.com.br\/mesalte\/wp-content\/uploads\/2022\/01\/tania-300x213.jpg 300w, https:\/\/blogs.correio24h.com.br\/mesalte\/wp-content\/uploads\/2022\/01\/tania-768x545.jpg 768w, https:\/\/blogs.correio24h.com.br\/mesalte\/wp-content\/uploads\/2022\/01\/tania-206x146.jpg 206w, https:\/\/blogs.correio24h.com.br\/mesalte\/wp-content\/uploads\/2022\/01\/tania-50x35.jpg 50w, https:\/\/blogs.correio24h.com.br\/mesalte\/wp-content\/uploads\/2022\/01\/tania-106x75.jpg 106w\" sizes=\"auto, (max-width: 781px) 100vw, 781px\" \/><\/figure>\n","protected":false},"excerpt":{"rendered":"<p>Uma das maiores estrelas LGBTQIA+ da Bahia, Divina Val\u00e9ria, usou as redes sociais para fazer um apelo em prol de sua sa\u00fade. A atriz revelou estar [&hellip;]<\/p>\n","protected":false},"author":1,"featured_media":23159,"comment_status":"open","ping_status":"open","sticky":false,"template":"","format":"standard","meta":{"footnotes":""},"categories":[80,24],"tags":[2237],"class_list":["post-23158","post","type-post","status-publish","format-standard","has-post-thumbnail","hentry","category-home","category-me-cuido","tag-divina-valeria"],"_links":{"self":[{"href":"https:\/\/blogs.correio24horas.com.br\/mesalte\/wp-json\/wp\/v2\/posts\/23158","targetHints":{"allow":["GET"]}}],"collection":[{"href":"https:\/\/blogs.correio24horas.com.br\/mesalte\/wp-json\/wp\/v2\/posts"}],"about":[{"href":"https:\/\/blogs.correio24horas.com.br\/mesalte\/wp-json\/wp\/v2\/types\/post"}],"author":[{"embeddable":true,"href":"https:\/\/blogs.correio24horas.com.br\/mesalte\/wp-json\/wp\/v2\/users\/1"}],"replies":[{"embeddable":true,"href":"https:\/\/blogs.correio24horas.com.br\/mesalte\/wp-json\/wp\/v2\/comments?post=23158"}],"version-history":[{"count":2,"href":"https:\/\/blogs.correio24horas.com.br\/mesalte\/wp-json\/wp\/v2\/posts\/23158\/revisions"}],"predecessor-version":[{"id":23162,"href":"https:\/\/blogs.correio24horas.com.br\/mesalte\/wp-json\/wp\/v2\/posts\/23158\/revisions\/23162"}],"wp:featuredmedia":[{"embeddable":true,"href":"https:\/\/blogs.correio24horas.com.br\/mesalte\/wp-json\/wp\/v2\/media\/23159"}],"wp:attachment":[{"href":"https:\/\/blogs.correio24horas.com.br\/mesalte\/wp-json\/wp\/v2\/media?parent=23158"}],"wp:term":[{"taxonomy":"category","embeddable":true,"href":"https:\/\/blogs.correio24horas.com.br\/mesalte\/wp-json\/wp\/v2\/categories?post=23158"},{"taxonomy":"post_tag","embeddable":true,"href":"https:\/\/blogs.correio24horas.com.br\/mesalte\/wp-json\/wp\/v2\/tags?post=23158"}],"curies":[{"name":"wp","href":"https:\/\/api.w.org\/{rel}","templated":true}]}}