{"id":23151,"date":"2021-12-24T11:44:14","date_gmt":"2021-12-24T14:44:14","guid":{"rendered":"https:\/\/blogs.correio24horas.com.br\/mesalte\/?p=23151"},"modified":"2021-12-24T11:44:17","modified_gmt":"2021-12-24T14:44:17","slug":"reveillon-do-bailinho-recebe-cortejo-afro-e-marcia-castro","status":"publish","type":"post","link":"https:\/\/blogs.correio24horas.com.br\/mesalte\/reveillon-do-bailinho-recebe-cortejo-afro-e-marcia-castro\/","title":{"rendered":"R\u00e9veillon do Bailinho recebe Cortejo Afro e M\u00e1rcia Castro"},"content":{"rendered":"\n<p>Com shows do Cortejo Afro, Marcia Castro e Bailinho de Quinta, a partir das 21h do dia 31 (sexta), a festa do Bailinho vai sacudir  o Trapiche Barnab\u00e9 para dar as boas-vindas a 2022! O evento \u00e9 open bar e os ingressos j\u00e1 est\u00e3o \u00e0 venda no Sympla.<\/p>\n\n\n\n<p>As atra\u00e7\u00f5es convidadas j\u00e1 s\u00e3o conhecidas do Bailinho de outros carnavais. \u201cSempre foi uma parceria muito legal e nossas expectativas para o r\u00e9veillon s\u00e3o as melhores. A gente t\u00e1 preparando um repert\u00f3rio cheio de ax\u00e9 e alegria, que \u00e9 o que esperamos para o pr\u00f3ximo ano\u201d, revela Veko Ara\u00fajo, sombreiro do Cortejo Afro.<\/p>\n\n\n\n<p>Na festa, M\u00e1rcia Castro vai apresentar pela primeira vez as can\u00e7\u00f5es do seu novo disco, Ax\u00e9. Al\u00e9m de m\u00fasicas in\u00e9ditas, o show trar\u00e1 cl\u00e1ssicos do g\u00eanero que inspiraram o disco e marcaram a hist\u00f3ria do carnaval. \u201cAdoro a turma do Bailinho! O projeto tem tudo a ver comigo e com a m\u00fasica que curto fazer. Iniciar 2022 com m\u00fasica e nessa companhia \u00e9 um verdadeiro presente\u201d, conta M\u00e1rcia.<\/p>\n\n\n\n<p>Tem novidade tamb\u00e9m no repert\u00f3rio do Bailinho, que re\u00fane artistas como Chiquinha Gonzaga, Duda Beat, Moraes Moreira, Timbalada e Vanessa da Mata com o arranjo carnavalesco que o p\u00fablico da festa j\u00e1 conhece. \u201cA gente teve tempo para pesquisar novas m\u00fasicas durante a pandemia e com certeza isso vai trazer um frescor para o show\u201d, avalia Thiago Trad, integrante do banda. <\/p>\n\n\n\n<p>No R\u00e9veillon do Bailinho ser\u00e3o respeitados todos os protocolos sanit\u00e1rios para garantir a sa\u00fade e divers\u00e3o dos foli\u00f5es da virada, os ingressos dispon\u00edveis s\u00e3o limitados criando um ambiente seguro, confort\u00e1vel e de muita alegria.<\/p>\n\n\n\n<p>\u201cSer\u00e1 o r\u00e9veillon com mais clima de carnaval que j\u00e1 fizemos, mais festivo, uma festa para as pessoas extravasarem com sa\u00fade e seguran\u00e7a\u201d, declara Thiago Trad. Para o acesso ao show ser\u00e3o exigidos o uso de m\u00e1scara e a apresenta\u00e7\u00e3o da carteira de vacina\u00e7\u00e3o completa na entrada. <\/p>\n\n\n\n<p>SERVI\u00c7O<br> O qu\u00ea: R\u00e9veillon do Bailinho<br> Onde: Trapiche Barnab\u00e9<br> Quem: Bailinho de Quinta, Cortejo Afro e M\u00e1rcia Castro<br> Quando: 31 de dezembro (sexta), a partir das 21h<br> Ingressos: <a href=\"https:\/\/www.sympla.com.br\/reveillon-do-bailinho--cortejo-afro--marcia-castro__1395284\"><a href=\"https:\/\/www.sympla.com.br\/reveillon-do-bailinho--cortejo-afro--marcia-castro__1395284\">https:\/\/www.sympla.com.br\/reveillon-do-bailinho&#8211;cortejo-afro&#8211;marcia-castro__1395284<\/a><\/a><\/p>\n\n\n\n<p><\/p>\n","protected":false},"excerpt":{"rendered":"<p>Com shows do Cortejo Afro, Marcia Castro e Bailinho de Quinta, a partir das 21h do dia 31 (sexta), a festa do Bailinho vai sacudir o [&hellip;]<\/p>\n","protected":false},"author":1,"featured_media":23152,"comment_status":"open","ping_status":"open","sticky":false,"template":"","format":"standard","meta":{"footnotes":""},"categories":[28,80],"tags":[],"class_list":["post-23151","post","type-post","status-publish","format-standard","has-post-thumbnail","hentry","category-farofa-digital","category-home"],"_links":{"self":[{"href":"https:\/\/blogs.correio24horas.com.br\/mesalte\/wp-json\/wp\/v2\/posts\/23151","targetHints":{"allow":["GET"]}}],"collection":[{"href":"https:\/\/blogs.correio24horas.com.br\/mesalte\/wp-json\/wp\/v2\/posts"}],"about":[{"href":"https:\/\/blogs.correio24horas.com.br\/mesalte\/wp-json\/wp\/v2\/types\/post"}],"author":[{"embeddable":true,"href":"https:\/\/blogs.correio24horas.com.br\/mesalte\/wp-json\/wp\/v2\/users\/1"}],"replies":[{"embeddable":true,"href":"https:\/\/blogs.correio24horas.com.br\/mesalte\/wp-json\/wp\/v2\/comments?post=23151"}],"version-history":[{"count":1,"href":"https:\/\/blogs.correio24horas.com.br\/mesalte\/wp-json\/wp\/v2\/posts\/23151\/revisions"}],"predecessor-version":[{"id":23153,"href":"https:\/\/blogs.correio24horas.com.br\/mesalte\/wp-json\/wp\/v2\/posts\/23151\/revisions\/23153"}],"wp:featuredmedia":[{"embeddable":true,"href":"https:\/\/blogs.correio24horas.com.br\/mesalte\/wp-json\/wp\/v2\/media\/23152"}],"wp:attachment":[{"href":"https:\/\/blogs.correio24horas.com.br\/mesalte\/wp-json\/wp\/v2\/media?parent=23151"}],"wp:term":[{"taxonomy":"category","embeddable":true,"href":"https:\/\/blogs.correio24horas.com.br\/mesalte\/wp-json\/wp\/v2\/categories?post=23151"},{"taxonomy":"post_tag","embeddable":true,"href":"https:\/\/blogs.correio24horas.com.br\/mesalte\/wp-json\/wp\/v2\/tags?post=23151"}],"curies":[{"name":"wp","href":"https:\/\/api.w.org\/{rel}","templated":true}]}}