{"id":23149,"date":"2021-12-16T17:03:49","date_gmt":"2021-12-16T20:03:49","guid":{"rendered":"https:\/\/blogs.correio24horas.com.br\/mesalte\/?p=23149"},"modified":"2021-12-16T17:03:52","modified_gmt":"2021-12-16T20:03:52","slug":"cortejo-afro-e-attooxxa","status":"publish","type":"post","link":"https:\/\/blogs.correio24horas.com.br\/mesalte\/cortejo-afro-e-attooxxa\/","title":{"rendered":"Cortejo Afro e \u00c0TT\u00d8\u00d8XX\u00c1"},"content":{"rendered":"\n<p>Segunda-feira (20), todos os caminhos levam para o Ensaio do Cortejo Afro, \u00e0s 20h, no Largo da Tieta- Pelourinho. A tradicional banda, que agora se apresenta do largo recentemente reformado pela Prefeitura de Salvador, ter\u00e1 a participa\u00e7\u00e3o da banda \u00c0TT\u00d8\u00d8XX\u00c1 no seu show de Ver\u00e3o.<\/p>\n\n\n\n<p>Com repert\u00f3rio recheado de sucessos, o Cortejo far\u00e1 apresenta\u00e7\u00e3o com dire\u00e7\u00e3o art\u00edstica de Alberto Pitta. Durante o show n\u00e3o v\u00e3o faltar a batida percussiva e experi\u00eancias est\u00e9ticas, que unem dan\u00e7a, m\u00fasica e artes visuais em um mesmo espet\u00e1culo.<\/p>\n\n\n\n<p>O Cortejo Afro foi criado em 02 de julho de 1998, na comunidade de Piraj\u00e1. Sua origem dentro dos limites de um terreiro de candombl\u00e9, o Il\u00ea Ax\u00e9 Oy\u00e1, sob a inspira\u00e7\u00e3o e orienta\u00e7\u00e3o espiritual da Yalorix\u00e1 Anizia da Rocha Pitta, M\u00e3e Santinha, atesta toda a sua identidade, autenticidade e for\u00e7a. O Bloco foi idealizado pelo artista pl\u00e1stico Alberto Pitta, que h\u00e1 mais de 35 anos, desenvolve trabalhos ligados \u00e0 est\u00e9tica e cultura africana. A entidade, envolvida com esta proposta, desenvolve trabalhos sociais junto \u00e0 sua comunidade durante o ano inteiro.<\/p>\n\n\n\n<p>O certificado de ciclo de vacina\u00e7\u00e3o completo ser\u00e1 cobrado na entrada (duas doses ou dose \u00fanica da vacina) com, no m\u00ednimo, 15 dias de anteced\u00eancia. \u00c9 obrigat\u00f3ria a apresenta\u00e7\u00e3o da Carteira de Vacina\u00e7\u00e3o (vers\u00e3o Impressa ou Digital).<\/p>\n\n\n\n<p><strong>Servi\u00e7o:<\/strong><br>Ensaio do Cortejo Afro<br>Ingressos: R$ 50,00 (1\u00ba lote \u2013 meia \/ promocional) \/ R$100,00 (inteira)<br>Convidado: \u00c0tt\u00f8\u00f8xx\u00e1<br>Quando: Segunda-feira, 20\/12\/2021<br>Hor\u00e1rio: 20h<br>Onde: Largo da Tieta \u2013 Rua das Laranjeiras \u2013 Pelourinho \u2013 Salvador\/BA<br>Vendas:&nbsp;<a href=\"http:\/\/www.sanfolia.com\/\">www.sanfolia.com<\/a>&nbsp;e no local do evento.<br><\/p>\n","protected":false},"excerpt":{"rendered":"<p>Segunda-feira (20), todos os caminhos levam para o Ensaio do Cortejo Afro, \u00e0s 20h, no Largo da Tieta- Pelourinho. A tradicional banda, que agora se apresenta [&hellip;]<\/p>\n","protected":false},"author":1,"featured_media":8332,"comment_status":"open","ping_status":"open","sticky":false,"template":"","format":"standard","meta":{"footnotes":""},"categories":[28,80],"tags":[],"class_list":["post-23149","post","type-post","status-publish","format-standard","has-post-thumbnail","hentry","category-farofa-digital","category-home"],"_links":{"self":[{"href":"https:\/\/blogs.correio24horas.com.br\/mesalte\/wp-json\/wp\/v2\/posts\/23149","targetHints":{"allow":["GET"]}}],"collection":[{"href":"https:\/\/blogs.correio24horas.com.br\/mesalte\/wp-json\/wp\/v2\/posts"}],"about":[{"href":"https:\/\/blogs.correio24horas.com.br\/mesalte\/wp-json\/wp\/v2\/types\/post"}],"author":[{"embeddable":true,"href":"https:\/\/blogs.correio24horas.com.br\/mesalte\/wp-json\/wp\/v2\/users\/1"}],"replies":[{"embeddable":true,"href":"https:\/\/blogs.correio24horas.com.br\/mesalte\/wp-json\/wp\/v2\/comments?post=23149"}],"version-history":[{"count":1,"href":"https:\/\/blogs.correio24horas.com.br\/mesalte\/wp-json\/wp\/v2\/posts\/23149\/revisions"}],"predecessor-version":[{"id":23150,"href":"https:\/\/blogs.correio24horas.com.br\/mesalte\/wp-json\/wp\/v2\/posts\/23149\/revisions\/23150"}],"wp:featuredmedia":[{"embeddable":true,"href":"https:\/\/blogs.correio24horas.com.br\/mesalte\/wp-json\/wp\/v2\/media\/8332"}],"wp:attachment":[{"href":"https:\/\/blogs.correio24horas.com.br\/mesalte\/wp-json\/wp\/v2\/media?parent=23149"}],"wp:term":[{"taxonomy":"category","embeddable":true,"href":"https:\/\/blogs.correio24horas.com.br\/mesalte\/wp-json\/wp\/v2\/categories?post=23149"},{"taxonomy":"post_tag","embeddable":true,"href":"https:\/\/blogs.correio24horas.com.br\/mesalte\/wp-json\/wp\/v2\/tags?post=23149"}],"curies":[{"name":"wp","href":"https:\/\/api.w.org\/{rel}","templated":true}]}}