{"id":23140,"date":"2021-11-18T09:37:41","date_gmt":"2021-11-18T12:37:41","guid":{"rendered":"https:\/\/blogs.correio24horas.com.br\/mesalte\/?p=23140"},"modified":"2021-11-18T09:37:43","modified_gmt":"2021-11-18T12:37:43","slug":"cantora-e-jornalista-da-tv-bahia-luana-assiz-lanca-clipe-espelho-de-oxum","status":"publish","type":"post","link":"https:\/\/blogs.correio24horas.com.br\/mesalte\/cantora-e-jornalista-da-tv-bahia-luana-assiz-lanca-clipe-espelho-de-oxum\/","title":{"rendered":"Cantora e jornalista da TV Bahia, Luana Assiz lan\u00e7a clipe Espelho de Oxum"},"content":{"rendered":"\n<p>A jornalista e compositora Luana Assiz lan\u00e7a, no dia 20 de novembro, o clipe \u201cEspelho de Oxum\u201d, que exalta a ancestralidade negra a partir da pot\u00eancia feminina. A inspira\u00e7\u00e3o para a m\u00fasica surgiu em fevereiro deste ano, na semana do anivers\u00e1rio da autora, a partir de leituras sobre a cultura afro-brasileira.<\/p>\n\n\n\n<p>A letra reverencia a yab\u00e1 associada \u00e0s \u00e1guas doces, conhecida pela vaidade, beleza e riqueza, mas tamb\u00e9m revela uma Oxum empoderada, guerreira, dona dos caminhos da diplomacia e de uma maternidade real: que cuida, protege e prepara os filhos para o mundo.<\/p>\n\n\n\n<p>O produtor musical Luis\u00e3o Pereira incorporou elementos eletr\u00f4nicos ao ijex\u00e1 original da composi\u00e7\u00e3o na qual imprimiu sua assinatura tamb\u00e9m na guitarra, baixo e teclados. A percuss\u00e3o que cadencia a m\u00fasica \u00e9 de \u00cdcaro S\u00e1. E a voz que canta essa hist\u00f3ria \u00e9 de Luana, acompanhada nos backing vocals por Mylane Mutti.<\/p>\n\n\n\n<p>O clipe tem roteiro e dire\u00e7\u00e3o de Gil Alves e Iury Taillan, que tamb\u00e9m assina a dire\u00e7\u00e3o de fotografia. Os diretores contaram com a expertise da equipe de v\u00eddeo da produtora Nove Noventa.<\/p>\n\n\n\n<p>O core\u00f3grafo Jorge Silva construiu a movimenta\u00e7\u00e3o corporal encenada por Luana e pelas bailarinas Brisa \u00d3kun e Nanda Rachell, que tiveram as performances envelopadas pelo figurino de M\u00f4nica Anjos e acess\u00f3rios de Jana\u00edna Rodrigues e Luciana Bara\u00fana e a maquiagem de Ton Makeup.<\/p>\n\n\n\n<p>As grava\u00e7\u00f5es aconteceram em Barra do Jacu\u00edpe, loca\u00e7\u00e3o escolhida pela paisagem que exibe o encontro de rio e mar, cantado na composi\u00e7\u00e3o da artista-jornalista. No v\u00eddeo, Luana aparece com cabelos tran\u00e7ados por Naine Almeida.<\/p>\n","protected":false},"excerpt":{"rendered":"<p>A jornalista e compositora Luana Assiz lan\u00e7a, no dia 20 de novembro, o clipe \u201cEspelho de Oxum\u201d, que exalta a ancestralidade negra a partir da pot\u00eancia [&hellip;]<\/p>\n","protected":false},"author":1,"featured_media":23141,"comment_status":"open","ping_status":"open","sticky":false,"template":"","format":"standard","meta":{"footnotes":""},"categories":[28,80],"tags":[],"class_list":["post-23140","post","type-post","status-publish","format-standard","has-post-thumbnail","hentry","category-farofa-digital","category-home"],"_links":{"self":[{"href":"https:\/\/blogs.correio24horas.com.br\/mesalte\/wp-json\/wp\/v2\/posts\/23140","targetHints":{"allow":["GET"]}}],"collection":[{"href":"https:\/\/blogs.correio24horas.com.br\/mesalte\/wp-json\/wp\/v2\/posts"}],"about":[{"href":"https:\/\/blogs.correio24horas.com.br\/mesalte\/wp-json\/wp\/v2\/types\/post"}],"author":[{"embeddable":true,"href":"https:\/\/blogs.correio24horas.com.br\/mesalte\/wp-json\/wp\/v2\/users\/1"}],"replies":[{"embeddable":true,"href":"https:\/\/blogs.correio24horas.com.br\/mesalte\/wp-json\/wp\/v2\/comments?post=23140"}],"version-history":[{"count":1,"href":"https:\/\/blogs.correio24horas.com.br\/mesalte\/wp-json\/wp\/v2\/posts\/23140\/revisions"}],"predecessor-version":[{"id":23142,"href":"https:\/\/blogs.correio24horas.com.br\/mesalte\/wp-json\/wp\/v2\/posts\/23140\/revisions\/23142"}],"wp:featuredmedia":[{"embeddable":true,"href":"https:\/\/blogs.correio24horas.com.br\/mesalte\/wp-json\/wp\/v2\/media\/23141"}],"wp:attachment":[{"href":"https:\/\/blogs.correio24horas.com.br\/mesalte\/wp-json\/wp\/v2\/media?parent=23140"}],"wp:term":[{"taxonomy":"category","embeddable":true,"href":"https:\/\/blogs.correio24horas.com.br\/mesalte\/wp-json\/wp\/v2\/categories?post=23140"},{"taxonomy":"post_tag","embeddable":true,"href":"https:\/\/blogs.correio24horas.com.br\/mesalte\/wp-json\/wp\/v2\/tags?post=23140"}],"curies":[{"name":"wp","href":"https:\/\/api.w.org\/{rel}","templated":true}]}}